{"id":163155,"date":"2025-11-24T10:07:11","date_gmt":"2025-11-24T10:07:11","guid":{"rendered":"https:\/\/www.europesays.com\/pt\/163155\/"},"modified":"2025-11-24T10:07:11","modified_gmt":"2025-11-24T10:07:11","slug":"aacd-da-um-up-na-infra-com-eximio-ti","status":"publish","type":"post","link":"https:\/\/www.europesays.com\/pt\/163155\/","title":{"rendered":"AACD d\u00e1 um up na infra com Ex\u00edmio TI"},"content":{"rendered":"<p>Nosso pr\u00f3ximo CASE \u00e9 muito mais que especial. Com certeza podemos classificar como o mais emocionante nestes 7 anos de vida da <a href=\"https:\/\/eximioti.com.br\/\" target=\"_blank\" rel=\"nofollow noopener\">Ex\u00edmio TI<\/a>.<\/p>\n<p>O nosso cliente AACD \u00e9 uma institui\u00e7\u00e3o de sa\u00fade sem fins lucrativos refer\u00eancia nacional que completou 75 anos em 2025 e \u00e9 refer\u00eancia em ortopedia, neuro-ortopedia e na reabilita\u00e7\u00e3o de pessoas com mobilidade reduzida permanente ou tempor\u00e1ria.\u00a0<\/p>\n<p>A AACD possui 7 unidades e 5 oficinas ortop\u00e9dicas em diversas regi\u00f5es do Brasil. Desde 1993, conta com um Hospital Ortop\u00e9dico em S\u00e3o Paulo. S\u00e3o mais 850 mil atendimentos anuais a pacientes de todas as idades, atendidos pelo SUS, conv\u00eanios e de forma particular. Somente em 2024 foram mais 7 mil cirurgias.<\/p>\n<p>\u201cConstruir este projeto juntamente com a AACD foi extremamente importante, principalmente para mostrar que o nosso trabalho pode realmente impactar na vida das pessoas. A AACD nos provou que existem trabalhos s\u00e9rios no nosso pa\u00eds que realmente se importam em ajudar o pr\u00f3ximo\u201d, destaca Cristiane F. Gramkow, Gerente de Vendas da Ex\u00edmio TI.<\/p>\n<p>Quando a Ex\u00edmio iniciou a sustenta\u00e7\u00e3o dos ambientes de banco de dados e Middleware da AACD em 2022, o ambiente estava com servidores desgastados, e vers\u00e3o standard 11.2.0.4 ao qual j\u00e1 estavam obsoletos. Era necess\u00e1rio tamb\u00e9m alterar a plataforma de Middleware de Weblogic para AppManager do sistema TASY.<\/p>\n<p>Em 2023 iniciamos um trabalho em conjunto arquitetando novos servidores, alta disponibilidade, conting\u00eancia em Cloud e migra\u00e7\u00e3o para vers\u00e3o enterprise 19C.<\/p>\n<p>A Ex\u00edmio implementou servidores Oracle da fam\u00edlia ODA com alta disponibilidade, migramos o banco de dados para vers\u00e3o 19C, implementamos ambiente de disaster recovery em Cloud OCI e montamos a estrutura de Appmanager para gerenciamento do TASY.<\/p>\n<p>A fase de parada do ambiente para nova estrutura, que \u00e9 a fase mais cr\u00edtica do projeto foi executada com muito sucesso, onde os usu\u00e1rios da AACD n\u00e3o sentiram impacto.<\/p>\n<p>Houve melhoras significativas em performance, uma diminui\u00e7\u00e3o expressiva nos tempos de backups, e tamb\u00e9m mais seguran\u00e7a nos dados devido ao ambiente de Disaster recovery implementado e monitorado pela Ex\u00edmio.<\/p>\n<p>\u201cA qualidade do servi\u00e7o e da expertise do Time da Ex\u00edmio que combinado com postura proativa na detec\u00e7\u00e3o e resolu\u00e7\u00e3o de problemas trouxe ganhos expressivos na administra\u00e7\u00e3o e gest\u00e3o do Sistema Tasy para a AACD\u201d, avalia Victor Kaspar, Gerente de TI da AACD.<\/p>\n<p>Fa\u00e7a como a AACD, seja Ex\u00edmio!\u00a0<\/p>\n<p>Entre para nossa comunidade de clientes satisfeitos.<\/p>\n<p>Contate agora nossa equipe: (47) 3053-7082 &#8211; comercial@eximioti.com.br<\/p>\n","protected":false},"excerpt":{"rendered":"Nosso pr\u00f3ximo CASE \u00e9 muito mais que especial. Com certeza podemos classificar como o mais emocionante nestes 7&hellip;\n","protected":false},"author":2,"featured_media":163156,"comment_status":"","ping_status":"","sticky":false,"template":"","format":"standard","meta":{"footnotes":""},"categories":[84],"tags":[109,107,108,32,33,105,103,104,106,110],"class_list":{"0":"post-163155","1":"post","2":"type-post","3":"status-publish","4":"format-standard","5":"has-post-thumbnail","7":"category-ciencia-e-tecnologia","8":"tag-ciencia","9":"tag-ciencia-e-tecnologia","10":"tag-cienciaetecnologia","11":"tag-portugal","12":"tag-pt","13":"tag-science","14":"tag-science-and-technology","15":"tag-scienceandtechnology","16":"tag-technology","17":"tag-tecnologia"},"share_on_mastodon":{"url":"https:\/\/pubeurope.com\/@pt\/115604124171582038","error":""},"_links":{"self":[{"href":"https:\/\/www.europesays.com\/pt\/wp-json\/wp\/v2\/posts\/163155","targetHints":{"allow":["GET"]}}],"collection":[{"href":"https:\/\/www.europesays.com\/pt\/wp-json\/wp\/v2\/posts"}],"about":[{"href":"https:\/\/www.europesays.com\/pt\/wp-json\/wp\/v2\/types\/post"}],"author":[{"embeddable":true,"href":"https:\/\/www.europesays.com\/pt\/wp-json\/wp\/v2\/users\/2"}],"replies":[{"embeddable":true,"href":"https:\/\/www.europesays.com\/pt\/wp-json\/wp\/v2\/comments?post=163155"}],"version-history":[{"count":0,"href":"https:\/\/www.europesays.com\/pt\/wp-json\/wp\/v2\/posts\/163155\/revisions"}],"wp:featuredmedia":[{"embeddable":true,"href":"https:\/\/www.europesays.com\/pt\/wp-json\/wp\/v2\/media\/163156"}],"wp:attachment":[{"href":"https:\/\/www.europesays.com\/pt\/wp-json\/wp\/v2\/media?parent=163155"}],"wp:term":[{"taxonomy":"category","embeddable":true,"href":"https:\/\/www.europesays.com\/pt\/wp-json\/wp\/v2\/categories?post=163155"},{"taxonomy":"post_tag","embeddable":true,"href":"https:\/\/www.europesays.com\/pt\/wp-json\/wp\/v2\/tags?post=163155"}],"curies":[{"name":"wp","href":"https:\/\/api.w.org\/{rel}","templated":true}]}}