{"id":163159,"date":"2025-11-24T10:09:12","date_gmt":"2025-11-24T10:09:12","guid":{"rendered":"https:\/\/www.europesays.com\/pt\/163159\/"},"modified":"2025-11-24T10:09:12","modified_gmt":"2025-11-24T10:09:12","slug":"viagens-sleeper-vao-ganhar-forca-na-europa-em-2026","status":"publish","type":"post","link":"https:\/\/www.europesays.com\/pt\/163159\/","title":{"rendered":"viagens \u201csleeper\u201d v\u00e3o ganhar for\u00e7a na Europa em 2026"},"content":{"rendered":"<p>A Uni\u00e3o Europeia est\u00e1 a reposicionar a ferrovia como eixo central da mobilidade sustent\u00e1vel e, dentro dessa estrat\u00e9gia, os comboios noturnos voltam a ganhar protagonismo. Depois de d\u00e9cadas de decl\u00ednio, o setor recebe novo investimento, novos operadores e uma vis\u00e3o pol\u00edtica orientada para viagens mais ecol\u00f3gicas e interligadas.<\/p>\n<p>A Ag\u00eancia Ferrovi\u00e1ria Europeia (ERA) autorizou recentemente a nova gera\u00e7\u00e3o de carruagens dormit\u00f3rio desenvolvidas para o servi\u00e7o Nightjet da \u00d6BB, segundo divulga\u00e7\u00e3o oficial da pr\u00f3pria ERA. Este passo t\u00e9cnico valida um material circulante moderno, mais confort\u00e1vel e preparado para operar al\u00e9m-fronteiras, dando um impulso s\u00f3lido ao regresso dos \u201csleeper\u201d como alternativa vi\u00e1vel ao avi\u00e3o em percursos de m\u00e9dia e longa dist\u00e2ncia.<\/p>\n<p>Ao mesmo tempo, a Comiss\u00e3o Europeia apresentou o seu plano de a\u00e7\u00e3o para o transporte ferrovi\u00e1rio de passageiros de longo curso. Entre os pontos estruturantes deste programa, divulgado pela pr\u00f3pria Comiss\u00e3o, est\u00e1 o lan\u00e7amento de servi\u00e7os-piloto transfronteiri\u00e7os, alguns deles desenhados precisamente para a opera\u00e7\u00e3o em hor\u00e1rio noturno. A isto junta-se a ambi\u00e7\u00e3o de refor\u00e7ar a rede at\u00e9 2040, criando mais interoperabilidade e libertando capacidade nas linhas convencionais. Esta vis\u00e3o foi detalhada em v\u00e1rias comunica\u00e7\u00f5es oficiais de Bruxelas.<\/p>\n<p>Outro elemento que promete mudar o panorama \u00e9 o esfor\u00e7o para simplificar bilhetes internacionais. A Comiss\u00e3o delineou o objetivo de criar, a partir de 2026, um sistema unificado que permita reservar viagens multimodais numa \u00fanica opera\u00e7\u00e3o. Organiza\u00e7\u00f5es como a Transport &amp; Environment t\u00eam defendido igualmente incentivos fiscais e tarif\u00e1rios que tornem as liga\u00e7\u00f5es noturnas mais competitivas, incluindo a possibilidade de regimes espec\u00edficos de IVA.<\/p>\n<p>Portugal tamb\u00e9m entra nesta discuss\u00e3o. O debate sobre a falta de liga\u00e7\u00f5es noturnas internacionais n\u00e3o tem passado despercebido e foi recentemente sublinhado em posi\u00e7\u00f5es p\u00fablicas de partidos como o PCP. A expans\u00e3o da rede de alta velocidade poder\u00e1, no futuro, permitir uma gest\u00e3o mais equilibrada entre servi\u00e7os diurnos e noturnos, criando condi\u00e7\u00f5es para o regresso de rotas suspensas.<\/p>\n<p>Nem tudo \u00e9 crescimento. A imprensa europeia, incluindo reportagens do The Guardian, tem noticiado cortes em algumas liga\u00e7\u00f5es Nightjet devido \u00e0 retirada de subs\u00eddios estatais. No entanto, o mercado est\u00e1 longe de encolher. Novos operadores independentes, como a European Sleeper, anunciaram para 2026 liga\u00e7\u00f5es como Paris-Berlim, demonstrando que a ferrovia noturna se tornou novamente um territ\u00f3rio de inova\u00e7\u00e3o.<\/p>\n<p>O que resulta deste ecossistema \u00e9 uma tend\u00eancia clara. <strong>A Europa n\u00e3o est\u00e1 apenas a reavivar um formato rom\u00e2ntico de viajar.<\/strong> Est\u00e1 a integrar o comboio noturno na sua <strong>estrat\u00e9gia de transi\u00e7\u00e3o energ\u00e9tica<\/strong>, de <strong>melhoria da mobilidade transnacional e de oferta de alternativas ao transporte a\u00e9reo <\/strong>em percursos onde o tempo de voo n\u00e3o compensa o impacto ambiental. H\u00e1 tamb\u00e9m um fator cultural importante. <strong>Viajar de noite, acordar noutra cidade e evitar os constrangimentos dos aeroportos<\/strong> responde a um desejo crescente de praticidade e de mobilidade com menor pegada ecol\u00f3gica.<\/p>\n<p>\t\t<img decoding=\"async\" src=\"https:\/\/www.europesays.com\/pt\/wp-content\/uploads\/2025\/11\/1763978952_16_thumbs.web.sapo.io\"  alt=\"Esta\u00e7\u00e3o de Praga, Ch\u00e9quia\" loading=\"true\"\/><\/p>\n<p>      Esta\u00e7\u00e3o de Praga, Ch\u00e9quia<br \/>\n      Cr\u00e9ditos: Ivan Mani em Unsplash<\/p>\n<p>Tr\u00eas rotas noturnas a acompanhar em 2026<\/p>\n<p>Paris-Berlim, recentemente anunciada pela European Sleeper, ser\u00e1 uma das experi\u00eancias mais aguardadas, tanto pela relev\u00e2ncia tur\u00edstica como pela liga\u00e7\u00e3o entre dois dos maiores centros culturais da Europa.<\/p>\n<p>Viena-Bruxelas, historicamente forte e operada pela \u00d6BB, continua a ser uma das rotas que melhor mostra a evolu\u00e7\u00e3o dos novos comboios dormit\u00f3rio, agora com material circulante mais moderno.<\/p>\n<p>Zurique-Roma, uma liga\u00e7\u00e3o emblem\u00e1tica que une os Alpes italianos ao cora\u00e7\u00e3o da Su\u00ed\u00e7a, poder\u00e1 ganhar renovado dinamismo com o refor\u00e7o das redes transalpinas e com o foco europeu em liga\u00e7\u00f5es intermodais.<\/p>\n","protected":false},"excerpt":{"rendered":"A Uni\u00e3o Europeia est\u00e1 a reposicionar a ferrovia como eixo central da mobilidade sustent\u00e1vel e, dentro dessa estrat\u00e9gia,&hellip;\n","protected":false},"author":2,"featured_media":163160,"comment_status":"","ping_status":"","sticky":false,"template":"","format":"standard","meta":{"footnotes":""},"categories":[50],"tags":[27,28,15,16,14,25,26,21,22,62,12,13,19,20,23,24,17,18,29,30,31,63,64,65],"class_list":{"0":"post-163159","1":"post","2":"type-post","3":"status-publish","4":"format-standard","5":"has-post-thumbnail","7":"category-mundo","8":"tag-breaking-news","9":"tag-breakingnews","10":"tag-featured-news","11":"tag-featurednews","12":"tag-headlines","13":"tag-latest-news","14":"tag-latestnews","15":"tag-main-news","16":"tag-mainnews","17":"tag-mundo","18":"tag-news","19":"tag-noticias","20":"tag-noticias-principais","21":"tag-noticiasprincipais","22":"tag-principais-noticias","23":"tag-principaisnoticias","24":"tag-top-stories","25":"tag-topstories","26":"tag-ultimas","27":"tag-ultimas-noticias","28":"tag-ultimasnoticias","29":"tag-world","30":"tag-world-news","31":"tag-worldnews"},"share_on_mastodon":{"url":"https:\/\/pubeurope.com\/@pt\/115604132185330822","error":""},"_links":{"self":[{"href":"https:\/\/www.europesays.com\/pt\/wp-json\/wp\/v2\/posts\/163159","targetHints":{"allow":["GET"]}}],"collection":[{"href":"https:\/\/www.europesays.com\/pt\/wp-json\/wp\/v2\/posts"}],"about":[{"href":"https:\/\/www.europesays.com\/pt\/wp-json\/wp\/v2\/types\/post"}],"author":[{"embeddable":true,"href":"https:\/\/www.europesays.com\/pt\/wp-json\/wp\/v2\/users\/2"}],"replies":[{"embeddable":true,"href":"https:\/\/www.europesays.com\/pt\/wp-json\/wp\/v2\/comments?post=163159"}],"version-history":[{"count":0,"href":"https:\/\/www.europesays.com\/pt\/wp-json\/wp\/v2\/posts\/163159\/revisions"}],"wp:featuredmedia":[{"embeddable":true,"href":"https:\/\/www.europesays.com\/pt\/wp-json\/wp\/v2\/media\/163160"}],"wp:attachment":[{"href":"https:\/\/www.europesays.com\/pt\/wp-json\/wp\/v2\/media?parent=163159"}],"wp:term":[{"taxonomy":"category","embeddable":true,"href":"https:\/\/www.europesays.com\/pt\/wp-json\/wp\/v2\/categories?post=163159"},{"taxonomy":"post_tag","embeddable":true,"href":"https:\/\/www.europesays.com\/pt\/wp-json\/wp\/v2\/tags?post=163159"}],"curies":[{"name":"wp","href":"https:\/\/api.w.org\/{rel}","templated":true}]}}