{"id":163161,"date":"2025-11-24T10:10:07","date_gmt":"2025-11-24T10:10:07","guid":{"rendered":"https:\/\/www.europesays.com\/pt\/163161\/"},"modified":"2025-11-24T10:10:07","modified_gmt":"2025-11-24T10:10:07","slug":"mae-que-perdeu-a-filha-avanca-para-tribunal-tres-anos-apos-derrocada","status":"publish","type":"post","link":"https:\/\/www.europesays.com\/pt\/163161\/","title":{"rendered":"M\u00e3e que perdeu a filha avan\u00e7a para tribunal tr\u00eas anos ap\u00f3s derrocada"},"content":{"rendered":"<p data-remotead-prev-elm=\"true\" data-remotead-elm-id=\"inread\">Tr\u00eas anos depois da derrocada que matou Susana Gon\u00e7alves e o namorado, F\u00e1bio David, na freguesia de Palmeira de Faro, em Esposende, a m\u00e3e da jovem, Ana Baj\u00e3o, vai avan\u00e7ar com uma queixa-crime contra o antigo presidente da C\u00e2mara Benjamim Pereira &#8211; atualmente \u00e0 frente do Instituto de Habita\u00e7\u00e3o e Reabilita\u00e7\u00e3o Urbana (IHRU) &#8211; e outras entidades que, considera, falharam antes, durante e ap\u00f3s a trag\u00e9dia. A 23 de novembro de 2022, o casal dormia na casa de fam\u00edlia quando toneladas de pedras deslizaram de um terreno sobranceiro, destruindo a habita\u00e7\u00e3o e ceifando-lhes a vida.<\/p>\n","protected":false},"excerpt":{"rendered":"Tr\u00eas anos depois da derrocada que matou Susana Gon\u00e7alves e o namorado, F\u00e1bio David, na freguesia de Palmeira&hellip;\n","protected":false},"author":2,"featured_media":163162,"comment_status":"","ping_status":"","sticky":false,"template":"","format":"standard","meta":{"footnotes":""},"categories":[10],"tags":[27,28,21512,33408,16204,15,16,14,25,26,21,22,12,13,19,20,32,23,24,33,17,18,29,30,31],"class_list":{"0":"post-163161","1":"post","2":"type-post","3":"status-publish","4":"format-standard","5":"has-post-thumbnail","7":"category-portugal","8":"tag-breaking-news","9":"tag-breakingnews","10":"tag-concelho-esposende","11":"tag-derrocada","12":"tag-desalojados","13":"tag-featured-news","14":"tag-featurednews","15":"tag-headlines","16":"tag-latest-news","17":"tag-latestnews","18":"tag-main-news","19":"tag-mainnews","20":"tag-news","21":"tag-noticias","22":"tag-noticias-principais","23":"tag-noticiasprincipais","24":"tag-portugal","25":"tag-principais-noticias","26":"tag-principaisnoticias","27":"tag-pt","28":"tag-top-stories","29":"tag-topstories","30":"tag-ultimas","31":"tag-ultimas-noticias","32":"tag-ultimasnoticias"},"share_on_mastodon":{"url":"https:\/\/pubeurope.com\/@pt\/115604135950162916","error":""},"_links":{"self":[{"href":"https:\/\/www.europesays.com\/pt\/wp-json\/wp\/v2\/posts\/163161","targetHints":{"allow":["GET"]}}],"collection":[{"href":"https:\/\/www.europesays.com\/pt\/wp-json\/wp\/v2\/posts"}],"about":[{"href":"https:\/\/www.europesays.com\/pt\/wp-json\/wp\/v2\/types\/post"}],"author":[{"embeddable":true,"href":"https:\/\/www.europesays.com\/pt\/wp-json\/wp\/v2\/users\/2"}],"replies":[{"embeddable":true,"href":"https:\/\/www.europesays.com\/pt\/wp-json\/wp\/v2\/comments?post=163161"}],"version-history":[{"count":0,"href":"https:\/\/www.europesays.com\/pt\/wp-json\/wp\/v2\/posts\/163161\/revisions"}],"wp:featuredmedia":[{"embeddable":true,"href":"https:\/\/www.europesays.com\/pt\/wp-json\/wp\/v2\/media\/163162"}],"wp:attachment":[{"href":"https:\/\/www.europesays.com\/pt\/wp-json\/wp\/v2\/media?parent=163161"}],"wp:term":[{"taxonomy":"category","embeddable":true,"href":"https:\/\/www.europesays.com\/pt\/wp-json\/wp\/v2\/categories?post=163161"},{"taxonomy":"post_tag","embeddable":true,"href":"https:\/\/www.europesays.com\/pt\/wp-json\/wp\/v2\/tags?post=163161"}],"curies":[{"name":"wp","href":"https:\/\/api.w.org\/{rel}","templated":true}]}}