{"id":163163,"date":"2025-11-24T10:11:11","date_gmt":"2025-11-24T10:11:11","guid":{"rendered":"https:\/\/www.europesays.com\/pt\/163163\/"},"modified":"2025-11-24T10:11:11","modified_gmt":"2025-11-24T10:11:11","slug":"analise-do-debate-catarina-martins-ganha-nos-argumentos-mas-gouveia-e-melo-marca-um-ponto-expresso","status":"publish","type":"post","link":"https:\/\/www.europesays.com\/pt\/163163\/","title":{"rendered":"An\u00e1lise do debate: Catarina Martins ganha nos argumentos, mas Gouveia e Melo marca um ponto &#8211; Expresso"},"content":{"rendered":"<ol>\n<li><a href=\"https:\/\/news.google.com\/rss\/articles\/CBMi-gFBVV95cUxPa1RROTN3X2sxa3gyR0ZZWFJ2TEVOUFJUSVE1R2k5ckYwcFA3TndxamJGSkZ0S29CcTJlcnBoQkJ0ZDgyNEpIcnpWb3VOZ1NQS2pOVDNDZnhMVllhZUZDNjJGWEdIZVA2WjVtbGVsVGxsNjlURFdpLXRFRHl2R3ZObHk1YXAzUUZXWlhBSjlaWHdPTWduVnhQOWJ3TEl6ZUdKdlVPSkItRmZabmpNRGN2VWVGWjA5dUFMazQxemJ5UE5jUkZ2ZUNUd0Y4SGNZd1M1R0FSVEdqejY1YlNTeGt5RkxlOFhuaktHTmlCOWxMZldqeXZyMVpHUDRn0gH_AUFVX3lxTE1vVDNXVDlIWEsxY3B1dGhRU2tuQzVnVk1yU0RkeFJLSk55TkhEOWdUTU9ydXVCNXZKRXpOMHl3TGpVRkRLSDBzWWc3MG16cDdqQ2pXY3Nla2NXZ0hJLXNtbmM1dXNsblh4c0NCd0hCXzZrX1Z2dHdYQmdhM0wwQ0RuMG8taU5RRmV2OG0xTlRCbGJ5bXZqQjJtNDNTX0FfMjJrdkNCR19MZ01fVmxkc1VNLWpPUGplS2NKSzZSRFF6N19RZUV3VzNiTi0yY2hSaDZyLVZFTjVFOGxwLTB6Rk02WUZWZU1KeGgzZXU4cDgyWWpNa0lzbDR0ZTZyanJfZw?oc=5\" target=\"_blank\" rel=\"nofollow noopener\">An\u00e1lise do debate: Catarina Martins ganha nos argumentos, mas Gouveia e Melo marca um ponto<\/a>&nbsp;&nbsp;Expresso<\/li>\n<li><a href=\"https:\/\/news.google.com\/rss\/articles\/CBMitgFBVV95cUxOTDBwT0NxeUJaRFVKQ0VvQVNBdnpOVHBCaHpRRjR0WDhJZS0tbjJLcDk2RlZXbmtfWlhqU1lUdC1qQ29KbFBrUjZLejhEMXJ2bnU5XzR1aUw0NkMyVnVNbUFzcjZScWtCOENTSm1tYnlXSnpNUkY2X2JUb2hVTFNuVnlYanVoWktiRElrcG5uYkJZRVpWMzVEQWE0NmxkZ0p3bjZpbFFHOU9MRWNxS0VPdGxldHEzZw?oc=5\" target=\"_blank\" rel=\"nofollow noopener\">0h Ucr\u00e2nia &#8211; negocia\u00e7\u00f5es em Genebra trazem alguma esperan\u00e7a<\/a>&nbsp;&nbsp;RTP<\/li>\n<li><a href=\"https:\/\/news.google.com\/rss\/articles\/CBMi4AFBVV95cUxQSXNXeGd0R2xXbU9EUmRFVHJHR0VoeHhJR2JIdVBIVHNqdVFoQlhuTkNtZDdEWVFfaVNPbFRVTUFFelNJRjFkN0txcVVnVjNHcW13SFJBTXFwZmxJc29SQkNnSzY0ZzkxS0xER3ZKTEgwckFMSlBqTmR5cWVuUUlHbV9EWVNzMlpVeGVpRk9vLXVDbm5zNG0yQXQwZkVNNFcwYnRUclRfMlBSN3M0LXREMEN0aVkwci0zaFN2Q0xTbU5lM0laR3RjTWFTN0ExeVpWSnVtbDN3T3h5M3YwbUhiaQ?oc=5\" target=\"_blank\" rel=\"nofollow noopener\">&#8220;E o Vencedor \u00e9&#8221; dos debates. \u00c0 segunda Gouveia e Melo ganhou, mas pela margem m\u00ednima, a Catarina Martins: veja as notas<\/a>&nbsp;&nbsp;Observador<\/li>\n<li><a href=\"https:\/\/news.google.com\/rss\/articles\/CBMi6gFBVV95cUxOSDlJdjZ2VVVic2VuazNsdkk2Zkh6R3EtdWpwajA4SEFPY1hEMXR6RUFjMmxUcHIxaWxVSS1lNlA4TG9DTjN3SkM1VUZSRnJ3bEZ1YlB1SVgxSVljeDV5bmlIV3FUTm4zOEtVYTUxSnB1NW4yRjB3STBxSzEtR1cxRFBfN09lbXYycnc4V085RG1xRmVlQnNzZkN6NlQyRHZrUHFwWEtFZVlIMFVZeFBnTzJDVWc3UXR4SXFmTm1WemduNUtPaTdZZDlKQWR0dmZLS3N0MVNYWC1JbTRwZkJla0ZsOWRxSVRaaEE?oc=5\" target=\"_blank\" rel=\"nofollow noopener\">Gouveia e Melo a Catarina Martins: &#8220;Temos um oceano de diferen\u00e7as entre n\u00f3s&#8221;<\/a>&nbsp;&nbsp;Jornal de Neg\u00f3cios<\/li>\n<li><a href=\"https:\/\/news.google.com\/rss\/articles\/CBMirwFBVV95cUxQS0JCRW1hVFV4eHhaUGxpV2ljRUZ4VDFvenl3U1kzQ3JhQWpVM05EZVVOczU1UFN0YnM3T1ZSMXVHS2tkcUlpZ0JKLXZELWJLTm9KUk5hR2N4WU5LcUVNdW5Db0VyTUNHUzJXRmVyQU9IbHF5VGtDVnFJQ3QxajNzNmp6R19ESDFZcUFrN3ZLOUE4MC1lai1UdWh1Tmd0ZWwtbFJoZmRHc1VMTXpDM0xF0gG0AUFVX3lxTE0xSTNxSHczQWh5bzU4U3FyTVlxLTczNUc3VWp4bk5zS0NqQXBfcGdkX2NidUNBMTJmcGNaWjFZekZKTzJFX09ONGRaWmFEMmEwTWJPU244STNJdHpwUFBqWFBxb3YwcFF5TEFMQTc1WTRVSU1mRlpIWEJ4YjZxdzBELTR6TTIxdkE5S3kwUnNVLWpGLUNLdjNOcDlxYTJ6LUhNMDYwdVBjbDJBMlNrQ1pSUFVuOA?oc=5\" target=\"_blank\" rel=\"nofollow noopener\">A arte de escutar entre os pingos da chuva<\/a>&nbsp;&nbsp;Expresso<\/li>\n<\/ol>\n","protected":false},"excerpt":{"rendered":"An\u00e1lise do debate: Catarina Martins ganha nos argumentos, mas Gouveia e Melo marca um ponto&nbsp;&nbsp;Expresso 0h Ucr\u00e2nia &#8211;&hellip;\n","protected":false},"author":2,"featured_media":161252,"comment_status":"","ping_status":"","sticky":false,"template":"","format":"standard","meta":{"footnotes":""},"categories":[8],"tags":[27,28,15,16,14,25,26,21,22,12,13,19,20,32,23,24,33,17,18,29,30,31],"class_list":{"0":"post-163163","1":"post","2":"type-post","3":"status-publish","4":"format-standard","5":"has-post-thumbnail","7":"category-principais-noticias","8":"tag-breaking-news","9":"tag-breakingnews","10":"tag-featured-news","11":"tag-featurednews","12":"tag-headlines","13":"tag-latest-news","14":"tag-latestnews","15":"tag-main-news","16":"tag-mainnews","17":"tag-news","18":"tag-noticias","19":"tag-noticias-principais","20":"tag-noticiasprincipais","21":"tag-portugal","22":"tag-principais-noticias","23":"tag-principaisnoticias","24":"tag-pt","25":"tag-top-stories","26":"tag-topstories","27":"tag-ultimas","28":"tag-ultimas-noticias","29":"tag-ultimasnoticias"},"share_on_mastodon":{"url":"https:\/\/pubeurope.com\/@pt\/115604139805208934","error":""},"_links":{"self":[{"href":"https:\/\/www.europesays.com\/pt\/wp-json\/wp\/v2\/posts\/163163","targetHints":{"allow":["GET"]}}],"collection":[{"href":"https:\/\/www.europesays.com\/pt\/wp-json\/wp\/v2\/posts"}],"about":[{"href":"https:\/\/www.europesays.com\/pt\/wp-json\/wp\/v2\/types\/post"}],"author":[{"embeddable":true,"href":"https:\/\/www.europesays.com\/pt\/wp-json\/wp\/v2\/users\/2"}],"replies":[{"embeddable":true,"href":"https:\/\/www.europesays.com\/pt\/wp-json\/wp\/v2\/comments?post=163163"}],"version-history":[{"count":0,"href":"https:\/\/www.europesays.com\/pt\/wp-json\/wp\/v2\/posts\/163163\/revisions"}],"wp:featuredmedia":[{"embeddable":true,"href":"https:\/\/www.europesays.com\/pt\/wp-json\/wp\/v2\/media\/161252"}],"wp:attachment":[{"href":"https:\/\/www.europesays.com\/pt\/wp-json\/wp\/v2\/media?parent=163163"}],"wp:term":[{"taxonomy":"category","embeddable":true,"href":"https:\/\/www.europesays.com\/pt\/wp-json\/wp\/v2\/categories?post=163163"},{"taxonomy":"post_tag","embeddable":true,"href":"https:\/\/www.europesays.com\/pt\/wp-json\/wp\/v2\/tags?post=163163"}],"curies":[{"name":"wp","href":"https:\/\/api.w.org\/{rel}","templated":true}]}}