{"id":163170,"date":"2025-11-24T10:20:11","date_gmt":"2025-11-24T10:20:11","guid":{"rendered":"https:\/\/www.europesays.com\/pt\/163170\/"},"modified":"2025-11-24T10:20:11","modified_gmt":"2025-11-24T10:20:11","slug":"o-impensavel-aconteceu-em-plena-gala-bruno-vinga-se-de-liliana-com-gesto-inesperado-secret-story","status":"publish","type":"post","link":"https:\/\/www.europesays.com\/pt\/163170\/","title":{"rendered":"O impens\u00e1vel aconteceu em plena gala: Bruno vinga-se de Liliana com gesto inesperado &#8211; Secret Story"},"content":{"rendered":"<p data-end=\"767\" data-start=\"432\">A gala do <strong>Secret Story<\/strong> ficou marcada por um dos momentos mais tensos da noite. Depois de serem confrontados com uma VT repleta de cr\u00edticas e farpas trocadas ao longo da semana, Bruno decidiu reagir de forma inesperada e recheada de ironia. Perante todos, levantou-se, caminhou at\u00e9 Liliana e entregou-lhe uma pomada \u00abpara a comich\u00e3o\u00bb.<\/p>\n<p data-end=\"767\" data-start=\"432\">Com ar provocador, lan\u00e7ou: \u00ab\u00c9 para a comich\u00e3o que eu te fa\u00e7o\u00bb. O gesto surpreendeu todos e Liliana ficou longe de achar gra\u00e7a. Visivelmente irritada, respondeu de imediato: \u00abMais uma vez mostras a pessoa que tu \u00e9s\u00bb. Para a concorrente, a atitude de Bruno foi claramente \u00abestudada\u00bb e teve como \u00fanico objetivo provoc\u00e1-la em direto perante o pa\u00eds.<\/p>\n<p data-end=\"1264\" data-start=\"1129\">O momento incendiou o ambiente da gala e deixou claro que a tens\u00e3o entre os dois promete continuar a marcar a semana no <strong>Secret Story<\/strong>.<\/p>\n<p>Veja o momento: <\/p>\n<p data-end=\"1264\" data-start=\"1129\"><strong>H\u00e1 cinco concorrentes em risco de expuls\u00e3o.<\/strong><\/p>\n<p><strong>VOTE PARA SALVAR:<\/strong><\/p>\n<p><strong>ANA \u2013 761 20 20 01<\/strong><\/p>\n<p><strong>F\u00c1BIO \u2013 761 20 20 08<\/strong><\/p>\n<p><strong>IN\u00caS \u2013 761 20 20 10<\/strong><\/p>\n<p><strong>LILIANA \u2013 761 20 20 14<\/strong><\/p>\n<p><strong>MARISA SUSANA &#8211; 761 20 20 17<\/strong><\/p>\n<p>\u00a0<\/p>\n<p><strong><a href=\"https:\/\/tvi.iol.pt\/secretstory\/aominuto\" wbo-id=\"32\" rel=\"nofollow noopener\" target=\"_blank\">Acompanhe ao minuto tudo o que se passa na casa mais vigiada do Pa\u00eds<\/a>\u00a0<\/strong><\/p>\n","protected":false},"excerpt":{"rendered":"A gala do Secret Story ficou marcada por um dos momentos mais tensos da noite. Depois de serem&hellip;\n","protected":false},"author":2,"featured_media":163171,"comment_status":"","ping_status":"","sticky":false,"template":"","format":"standard","meta":{"footnotes":""},"categories":[85],"tags":[8113,3768,2632,329,333,328,335,336,114,115,334,330,19016,1326,338,19019,13,32,33,1315,8174,162,19020,227],"class_list":{"0":"post-163170","1":"post","2":"type-post","3":"status-publish","4":"format-standard","5":"has-post-thumbnail","7":"category-entretenimento","8":"tag-alice-alves","9":"tag-bruno","10":"tag-casa-dos-segredos","11":"tag-claudio-ramos","12":"tag-comentadores","13":"tag-concorrentes","14":"tag-confrontos","15":"tag-discussoes","16":"tag-entertainment","17":"tag-entretenimento","18":"tag-exclusivos","19":"tag-gala","20":"tag-liliana","21":"tag-mafalda-castro","22":"tag-maria-botelho-moniz","23":"tag-marta-cardoso","24":"tag-noticias","25":"tag-portugal","26":"tag-pt","27":"tag-secret-story","28":"tag-segredos","29":"tag-tvi","30":"tag-video-do-dia","31":"tag-videos"},"share_on_mastodon":{"url":"https:\/\/pubeurope.com\/@pt\/115604175424049225","error":""},"_links":{"self":[{"href":"https:\/\/www.europesays.com\/pt\/wp-json\/wp\/v2\/posts\/163170","targetHints":{"allow":["GET"]}}],"collection":[{"href":"https:\/\/www.europesays.com\/pt\/wp-json\/wp\/v2\/posts"}],"about":[{"href":"https:\/\/www.europesays.com\/pt\/wp-json\/wp\/v2\/types\/post"}],"author":[{"embeddable":true,"href":"https:\/\/www.europesays.com\/pt\/wp-json\/wp\/v2\/users\/2"}],"replies":[{"embeddable":true,"href":"https:\/\/www.europesays.com\/pt\/wp-json\/wp\/v2\/comments?post=163170"}],"version-history":[{"count":0,"href":"https:\/\/www.europesays.com\/pt\/wp-json\/wp\/v2\/posts\/163170\/revisions"}],"wp:featuredmedia":[{"embeddable":true,"href":"https:\/\/www.europesays.com\/pt\/wp-json\/wp\/v2\/media\/163171"}],"wp:attachment":[{"href":"https:\/\/www.europesays.com\/pt\/wp-json\/wp\/v2\/media?parent=163170"}],"wp:term":[{"taxonomy":"category","embeddable":true,"href":"https:\/\/www.europesays.com\/pt\/wp-json\/wp\/v2\/categories?post=163170"},{"taxonomy":"post_tag","embeddable":true,"href":"https:\/\/www.europesays.com\/pt\/wp-json\/wp\/v2\/tags?post=163170"}],"curies":[{"name":"wp","href":"https:\/\/api.w.org\/{rel}","templated":true}]}}