{"id":163172,"date":"2025-11-24T10:21:15","date_gmt":"2025-11-24T10:21:15","guid":{"rendered":"https:\/\/www.europesays.com\/pt\/163172\/"},"modified":"2025-11-24T10:21:15","modified_gmt":"2025-11-24T10:21:15","slug":"relatorio-assassins-creed-black-flag-remake-sera-lancado-no-primeiro-trimestre-de-2026-assassins-creed-iv-black-flag","status":"publish","type":"post","link":"https:\/\/www.europesays.com\/pt\/163172\/","title":{"rendered":"Relat\u00f3rio: Assassin&#8217;s Creed: Black Flag Remake ser\u00e1 lan\u00e7ado no primeiro trimestre de 2026 &#8211; Assassin&#8217;s Creed IV: Black Flag"},"content":{"rendered":"<p>J\u00e1 ouvimos <a href=\"https:\/\/www.gamereactor.pt\/rumor-assassins-creed-iv-black-flag-remake-para-abandonar-os-dias-modernos-adicionar-mais-elementos-de-rpg-1453743\/\" title=\"Rumor: Assassin&#039;s Creed IV: Black Flag remake para abandonar os dias modernos, adicionar mais elementos de RPG\" rel=\"nofollow noopener\" target=\"_blank\">rumores<\/a> sobre o remake Assassin&#8217;s Creed IV: Black Flag h\u00e1 algum tempo, e ainda assim a Ubisoft ainda n\u00e3o anunciou o projeto. No entanto, acredita-se que poderemos ouvir mais sobre ele muito em breve, j\u00e1 que seu lan\u00e7amento pode n\u00e3o estar muito longe.<\/p>\n<p>De acordo com um relat\u00f3rio da <a href=\"https:\/\/insider-gaming.com\/exclusive-black-flag-remake-set-to-launch-before-march\/\" target=\"_blank\" rel=\"nofollow noopener\">Insider Gaming<\/a>, o remake Assassin&#8217;s Creed IV: Black Flag ser\u00e1 lan\u00e7ado antes de 31 de mar\u00e7o de 2026. Nos <a href=\"https:\/\/www.gamereactor.pt\/ubisoft-reafirma-que-prince-of-persia-the-sands-of-time-remake-sera-lancado-neste-ano-fiscal-1508163\/\" title=\"Ubisoft reafirma que Prince of Persia: The Sands of Time Remake ser\u00e1 lan\u00e7ado neste ano fiscal\" rel=\"nofollow noopener\" target=\"_blank\">dados financeiros recentes<\/a> da Ubisoft, a editora revelou que ainda tinha um projeto n\u00e3o anunciado marcado para este ano fiscal, e a Insider Gaming acredita que seja o remake Assassin&#8217;s Creed IV: Black Flag.<\/p>\n<p>Como um dos jogos AC mais amados fora da trilogia Ezio, Assassin&#8217;s Creed IV: Black Flag parece a escolha perfeita para um remake. Mesmo que tenhamos ouvido uma confirma\u00e7\u00e3o quase definitiva de que \u00e9 real, n\u00e3o estamos no ramo de contar galinhas e estamos esperando uma confirma\u00e7\u00e3o oficial antes de come\u00e7armos a nos enlouquecer.<\/p>\n<p><img loading=\"lazy\" decoding=\"async\" id=\"img-1509223-1011674\" data-fullsize=\"\/media\/16\/acivmultiplayerdlc_1011674b.jpg\" data-lazy=\"\" src=\"https:\/\/www.gamereactor.pthttps:\/\/www.gamereactor.pt\/media\/16\/acivmultiplayerdlc_1011674_650x.jpg\" width=\"650\" onclick=\"if (!window.__cfRLUnblockHandlers) return false; gallery_openmodal('1509223','1011674',false,'3703f670b0f018ececa03c233324be34');\" height=\"366\" alt=\"Assassin's Creed IV: Black Flag\" class=\"rwd_col_content lazy\" data-cf-modified-5e8bc2057bfe7cb2634bf347-=\"\"\/><\/p>\n","protected":false},"excerpt":{"rendered":"J\u00e1 ouvimos rumores sobre o remake Assassin&#8217;s Creed IV: Black Flag h\u00e1 algum tempo, e ainda assim a&hellip;\n","protected":false},"author":2,"featured_media":163173,"comment_status":"","ping_status":"","sticky":false,"template":"","format":"standard","meta":{"footnotes":""},"categories":[84],"tags":[109,107,108,32,33,105,103,104,106,110],"class_list":{"0":"post-163172","1":"post","2":"type-post","3":"status-publish","4":"format-standard","5":"has-post-thumbnail","7":"category-ciencia-e-tecnologia","8":"tag-ciencia","9":"tag-ciencia-e-tecnologia","10":"tag-cienciaetecnologia","11":"tag-portugal","12":"tag-pt","13":"tag-science","14":"tag-science-and-technology","15":"tag-scienceandtechnology","16":"tag-technology","17":"tag-tecnologia"},"share_on_mastodon":{"url":"https:\/\/pubeurope.com\/@pt\/115604179357047398","error":""},"_links":{"self":[{"href":"https:\/\/www.europesays.com\/pt\/wp-json\/wp\/v2\/posts\/163172","targetHints":{"allow":["GET"]}}],"collection":[{"href":"https:\/\/www.europesays.com\/pt\/wp-json\/wp\/v2\/posts"}],"about":[{"href":"https:\/\/www.europesays.com\/pt\/wp-json\/wp\/v2\/types\/post"}],"author":[{"embeddable":true,"href":"https:\/\/www.europesays.com\/pt\/wp-json\/wp\/v2\/users\/2"}],"replies":[{"embeddable":true,"href":"https:\/\/www.europesays.com\/pt\/wp-json\/wp\/v2\/comments?post=163172"}],"version-history":[{"count":0,"href":"https:\/\/www.europesays.com\/pt\/wp-json\/wp\/v2\/posts\/163172\/revisions"}],"wp:featuredmedia":[{"embeddable":true,"href":"https:\/\/www.europesays.com\/pt\/wp-json\/wp\/v2\/media\/163173"}],"wp:attachment":[{"href":"https:\/\/www.europesays.com\/pt\/wp-json\/wp\/v2\/media?parent=163172"}],"wp:term":[{"taxonomy":"category","embeddable":true,"href":"https:\/\/www.europesays.com\/pt\/wp-json\/wp\/v2\/categories?post=163172"},{"taxonomy":"post_tag","embeddable":true,"href":"https:\/\/www.europesays.com\/pt\/wp-json\/wp\/v2\/tags?post=163172"}],"curies":[{"name":"wp","href":"https:\/\/api.w.org\/{rel}","templated":true}]}}