{"id":163174,"date":"2025-11-24T10:23:10","date_gmt":"2025-11-24T10:23:10","guid":{"rendered":"https:\/\/www.europesays.com\/pt\/163174\/"},"modified":"2025-11-24T10:23:10","modified_gmt":"2025-11-24T10:23:10","slug":"deixe-se-ir-cuidadora-domiciliaria-tenta-matar-idosa-com-facada","status":"publish","type":"post","link":"https:\/\/www.europesays.com\/pt\/163174\/","title":{"rendered":"&#8220;Deixe-se ir&#8221;. Cuidadora domicili\u00e1ria tenta matar idosa com facada"},"content":{"rendered":"<p>Uma cuidadora de idosos de Long Island, nos EUA, \u00e9 acusada de ter esfaqueado uma idosa de quem tomava conta.<\/p>\n<p>Amanda Fraser, de 23 anos, usou uma faca de cozinha para perpetrar o crime, tendo esperado cerca de 16 minutos at\u00e9 retirar a faca do corpo da mulher.<\/p>\n<p>A suspeita est\u00e1 acusada do crime de tentativa de homic\u00eddio pelo ataque perpetrado contra a sua paciente, de 84 anos, no dia 29 de outubro, na casa desta \u00faltima em Massapequa.<\/p>\n<p>Amanda, que \u00e9 natural de Queens, em Nova Iorque, entrou em casa da v\u00edtima pelas 2h08, dirigindo-se ao quarto onde a idosa estava a dormir e perfurou o seu peito com a faca.<\/p>\n<p>A v\u00edtima ter\u00e1 acordado com o impacto, gritando em sofrimento, ao mesmo tempo que tentava tirar a arma branca do seu corpo, refere a CBS News.<\/p>\n<p>&#8220;Deixe-se ir&#8221; e &#8220;deixe de lutar&#8221;, ter\u00e1 aconselhado Amanda, segundo reportam as autoridades com base em imagens de videovigil\u00e2ncia no local.<\/p>\n<p>Cerca de 16 minutos depois, retirou a faca e saiu de casa.<\/p>\n<p>A mulher foi encontrada j\u00e1 de manh\u00e3, durante uma visita de rotina da pol\u00edcia, ainda a sangrar. Foi transportada de urg\u00eancia para o Nassau University Medical Center devido a um ferimento perfurante no pulm\u00e3o, disseram as autoridades.<\/p>\n<p>&#8220;As fam\u00edlias confiam na compet\u00eancia e compaix\u00e3o dos auxiliares de sa\u00fade domiciliares para cuidar dos seus entes doentes. Este arguido alegadamente s\u00f3 trouxe dor e horror \u00e0s suas vidas&#8221;, considerou a pol\u00edcia.<\/p>\n<p>A v\u00edtima permaneceu no hospital para tratamento de uma infe\u00e7\u00e3o resultante da facada at\u00e9 esta semana.<\/p>\n<p>J\u00e1 a suspeita foi detida horas depois do crime, tendo sido levada para um hospital psiqui\u00e1trico para avalia\u00e7\u00e3o.<\/p>\n<p>A empresa que a contratou, a Aides at Home, considerou que se tratou de um epis\u00f3dio tr\u00e1gico isolado. <\/p>\n<p>A mulher ser\u00e1 ainda sujeita a julgamento podendo incorrer numa pena de at\u00e9 25 anos de pris\u00e3o.<\/p>\n<p>Leia Tamb\u00e9m: <a href=\"https:\/\/www.noticiasaominuto.com\/mundo\/2893205\/bangladesh-pede-extradicao-da-ex-primeira-ministra-condenada-a-morte\" target=\"_blank\" rel=\"noreferrer noopener nofollow\">Bangladesh pede extradi\u00e7\u00e3o da ex-primeira-ministra condenada \u00e0 morte<\/a><\/p>\n","protected":false},"excerpt":{"rendered":"Uma cuidadora de idosos de Long Island, nos EUA, \u00e9 acusada de ter esfaqueado uma idosa de quem&hellip;\n","protected":false},"author":2,"featured_media":163175,"comment_status":"","ping_status":"","sticky":false,"template":"","format":"standard","meta":{"footnotes":""},"categories":[50],"tags":[27,28,15,16,14,25,26,21,22,62,12,13,19,20,23,24,17,18,29,30,31,63,64,65],"class_list":{"0":"post-163174","1":"post","2":"type-post","3":"status-publish","4":"format-standard","5":"has-post-thumbnail","7":"category-mundo","8":"tag-breaking-news","9":"tag-breakingnews","10":"tag-featured-news","11":"tag-featurednews","12":"tag-headlines","13":"tag-latest-news","14":"tag-latestnews","15":"tag-main-news","16":"tag-mainnews","17":"tag-mundo","18":"tag-news","19":"tag-noticias","20":"tag-noticias-principais","21":"tag-noticiasprincipais","22":"tag-principais-noticias","23":"tag-principaisnoticias","24":"tag-top-stories","25":"tag-topstories","26":"tag-ultimas","27":"tag-ultimas-noticias","28":"tag-ultimasnoticias","29":"tag-world","30":"tag-world-news","31":"tag-worldnews"},"share_on_mastodon":{"url":"https:\/\/pubeurope.com\/@pt\/115604187059277556","error":""},"_links":{"self":[{"href":"https:\/\/www.europesays.com\/pt\/wp-json\/wp\/v2\/posts\/163174","targetHints":{"allow":["GET"]}}],"collection":[{"href":"https:\/\/www.europesays.com\/pt\/wp-json\/wp\/v2\/posts"}],"about":[{"href":"https:\/\/www.europesays.com\/pt\/wp-json\/wp\/v2\/types\/post"}],"author":[{"embeddable":true,"href":"https:\/\/www.europesays.com\/pt\/wp-json\/wp\/v2\/users\/2"}],"replies":[{"embeddable":true,"href":"https:\/\/www.europesays.com\/pt\/wp-json\/wp\/v2\/comments?post=163174"}],"version-history":[{"count":0,"href":"https:\/\/www.europesays.com\/pt\/wp-json\/wp\/v2\/posts\/163174\/revisions"}],"wp:featuredmedia":[{"embeddable":true,"href":"https:\/\/www.europesays.com\/pt\/wp-json\/wp\/v2\/media\/163175"}],"wp:attachment":[{"href":"https:\/\/www.europesays.com\/pt\/wp-json\/wp\/v2\/media?parent=163174"}],"wp:term":[{"taxonomy":"category","embeddable":true,"href":"https:\/\/www.europesays.com\/pt\/wp-json\/wp\/v2\/categories?post=163174"},{"taxonomy":"post_tag","embeddable":true,"href":"https:\/\/www.europesays.com\/pt\/wp-json\/wp\/v2\/tags?post=163174"}],"curies":[{"name":"wp","href":"https:\/\/api.w.org\/{rel}","templated":true}]}}