{"id":163176,"date":"2025-11-24T10:24:14","date_gmt":"2025-11-24T10:24:14","guid":{"rendered":"https:\/\/www.europesays.com\/pt\/163176\/"},"modified":"2025-11-24T10:24:14","modified_gmt":"2025-11-24T10:24:14","slug":"acidente-condiciona-o-transito-na-a43-antes-do-tunel-das-areias","status":"publish","type":"post","link":"https:\/\/www.europesays.com\/pt\/163176\/","title":{"rendered":"Acidente condiciona o tr\u00e2nsito na A43 antes do t\u00fanel das Areias"},"content":{"rendered":"<p data-remotead-prev-elm=\"true\" data-remotead-elm-id=\"inread\">Um acidente da A43, sentido Freixo-Gondomar, est\u00e1 a condicionar o tr\u00e2nsito junto ao T\u00fanel das Areias. O despiste ter\u00e1 ocorrido cerca das 7.50 horas e, \u00e0s 8.30, os dois carros continuavam parados na faixa da esquerda, limitando a circula\u00e7\u00e3o \u00e0s duas faixas da direita. Um dos ve\u00edculos capotou, causando aparato na estrada.<\/p>\n<p>No local, estiveram os Bombeiros de Valbom apoiados por dez profissionais e quatro viaturas. <\/p>\n","protected":false},"excerpt":{"rendered":"Um acidente da A43, sentido Freixo-Gondomar, est\u00e1 a condicionar o tr\u00e2nsito junto ao T\u00fanel das Areias. O despiste&hellip;\n","protected":false},"author":2,"featured_media":163177,"comment_status":"","ping_status":"","sticky":false,"template":"","format":"standard","meta":{"footnotes":""},"categories":[10],"tags":[34587,33813,27,28,19453,20018,15,16,14,25,26,352,21,22,12,13,19,20,32,23,24,33,17,18,29,30,31],"class_list":{"0":"post-163176","1":"post","2":"type-post","3":"status-publish","4":"format-standard","5":"has-post-thumbnail","7":"category-portugal","8":"tag-a43","9":"tag-acidente-rodoviario","10":"tag-breaking-news","11":"tag-breakingnews","12":"tag-concelho-gondomar","13":"tag-concelho-porto","14":"tag-featured-news","15":"tag-featurednews","16":"tag-headlines","17":"tag-latest-news","18":"tag-latestnews","19":"tag-local","20":"tag-main-news","21":"tag-mainnews","22":"tag-news","23":"tag-noticias","24":"tag-noticias-principais","25":"tag-noticiasprincipais","26":"tag-portugal","27":"tag-principais-noticias","28":"tag-principaisnoticias","29":"tag-pt","30":"tag-top-stories","31":"tag-topstories","32":"tag-ultimas","33":"tag-ultimas-noticias","34":"tag-ultimasnoticias"},"share_on_mastodon":{"url":"https:\/\/pubeurope.com\/@pt\/115604191022624475","error":""},"_links":{"self":[{"href":"https:\/\/www.europesays.com\/pt\/wp-json\/wp\/v2\/posts\/163176","targetHints":{"allow":["GET"]}}],"collection":[{"href":"https:\/\/www.europesays.com\/pt\/wp-json\/wp\/v2\/posts"}],"about":[{"href":"https:\/\/www.europesays.com\/pt\/wp-json\/wp\/v2\/types\/post"}],"author":[{"embeddable":true,"href":"https:\/\/www.europesays.com\/pt\/wp-json\/wp\/v2\/users\/2"}],"replies":[{"embeddable":true,"href":"https:\/\/www.europesays.com\/pt\/wp-json\/wp\/v2\/comments?post=163176"}],"version-history":[{"count":0,"href":"https:\/\/www.europesays.com\/pt\/wp-json\/wp\/v2\/posts\/163176\/revisions"}],"wp:featuredmedia":[{"embeddable":true,"href":"https:\/\/www.europesays.com\/pt\/wp-json\/wp\/v2\/media\/163177"}],"wp:attachment":[{"href":"https:\/\/www.europesays.com\/pt\/wp-json\/wp\/v2\/media?parent=163176"}],"wp:term":[{"taxonomy":"category","embeddable":true,"href":"https:\/\/www.europesays.com\/pt\/wp-json\/wp\/v2\/categories?post=163176"},{"taxonomy":"post_tag","embeddable":true,"href":"https:\/\/www.europesays.com\/pt\/wp-json\/wp\/v2\/tags?post=163176"}],"curies":[{"name":"wp","href":"https:\/\/api.w.org\/{rel}","templated":true}]}}