{"id":163180,"date":"2025-11-24T10:27:31","date_gmt":"2025-11-24T10:27:31","guid":{"rendered":"https:\/\/www.europesays.com\/pt\/163180\/"},"modified":"2025-11-24T10:27:31","modified_gmt":"2025-11-24T10:27:31","slug":"ariana-grande-se-despede-de-glinda-com-texto-comovente-maior-presente-da-minha-vida","status":"publish","type":"post","link":"https:\/\/www.europesays.com\/pt\/163180\/","title":{"rendered":"Ariana Grande se despede de Glinda com texto comovente: Maior presente da minha vida"},"content":{"rendered":"<p>Na \u00faltima quinta-feira, dia 20, estreou nos cinemas o filme Wicked: For Good, continua\u00e7\u00e3o do filme baseado no famoso musical da Broadway lan\u00e7ado em 2024.<\/p>\n<p>No longa, Ariana Grande d\u00e1 vida \u00e0 Glinda e a atriz sempre ressaltou que esse era o seu papel dos sonhos. Neste domingo,\u00a0 dia 23, Ariana compartilhou em sua conta no Instagram um texto comovente, agradecendo <a target=\"_blank\" href=\"https:\/\/www.estrelando.com.br\/nota\/2025\/11\/21\/em-meio-a-turn%C3%AA-de-wicked-parte-2-ariana-grande-testa-positivo-para-covid-19-317930\" rel=\"nofollow noopener\">por ter tido essa oportunidade<\/a>.<\/p>\n<p>Meus doces companheiros ozianos\u2026Oz tem sido meu lugar seguro desde que consigo me lembrar. Os personagens destas p\u00e1ginas nos ensinam a amar incondicionalmente com todo o cora\u00e7\u00e3o, a rir, a perdoar (mesmo quando d\u00f3i mais), a proteger ferozmente a n\u00f3s mesmos e uns aos outros (sim, \u00e0s vezes at\u00e9 uns dos outros), a olhar para dentro, a sermos curiosos e a n\u00e3o termos medo de reconhecer nossa pr\u00f3pria maldade para que possamos crescer para longe dela e em dire\u00e7\u00e3o \u00e0 bondade, porque todos n\u00f3s carregamos um pouco de ambos. Eles nos ensinam a ver a beleza em todas as coisas, especialmente no que \u00e9 desconhecido, a sermos honestos, porque ser honesto \u00e9 ser gentil; e a lutar pelo que \u00e9 verdadeiramente e profundamente bom, mesmo que isso exija uma longa e assustadora caminhada pela Estrada de Tijolos Amarelos para descobrir o que isso significa para cada um de n\u00f3s.<\/p>\n<p>Em seguida, Ariana comentou sobre sua <a target=\"_blank\" href=\"https:\/\/www.estrelando.com.br\/nota\/2025\/11\/20\/cynthia-erivo-comenta-sobre-ter-protegido-ariana-grande-durante-ataque-em-evento-instinto-317900\" rel=\"nofollow noopener\">trajet\u00f3ria com <\/a><a target=\"_blank\" href=\"https:\/\/www.estrelando.com.br\/nota\/2025\/11\/20\/cynthia-erivo-comenta-sobre-ter-protegido-ariana-grande-durante-ataque-em-evento-instinto-317900\" rel=\"nofollow noopener\">Wicked<\/a>.<\/p>\n<p>Eu me apaixonei por Wicked quando tinha dez anos de idade. Foi um ref\u00fagio e um lugar onde eu sabia que podia encontrar conforto e compreens\u00e3o durante toda a minha inf\u00e2ncia e vida adulta. Amar algo profundamente e tornar-se aquilo s\u00e3o duas coisas muito diferentes. Me tornar sua Glinda, a Boa, e ser convidada a fazer parte desse <a target=\"_blank\" href=\"https:\/\/www.estrelando.com.br\/nota\/2025\/11\/20\/durante-gravacoes-de-wicked-ariana-grande-precisou-de-diversos-dubl%C3%AAs-para-as-cenas-317884\" rel=\"nofollow noopener\">grupo maravilhoso de seres humanos<\/a>, em uma jornada t\u00e3o criativa e emocionalmente gratificante, foi o maior presente da minha vida. Aprendi mais com meu tempo com Glinda do que com qualquer outra coisa. Agora, ver como isso tocou voc\u00eas e esteve presente para voc\u00eas do mesmo modo que sempre esteve para mim ao longo da minha vida tem sido o presente mais significativo, comovente e precioso de todos. Voc\u00eas nunca saber\u00e3o o quanto isso realmente significa para mim. Sou t\u00e3o grata por ter sido uma pequena parte desse quebra-cabe\u00e7a cintilante e por ser a Glinda de voc\u00eas. Antes de ir, por favor, lembrem-se: Sempre que as coisas ficarem assustadoras ou voc\u00ea se sentir sozinho, lar \u00e9 onde, e com quem, escolhermos que ele seja. E n\u00e3o h\u00e1 lugar como o lar. Sua fam\u00edlia oziana escolhida ama voc\u00ea exatamente como voc\u00ea \u00e9, e eu n\u00e3o poderia ser mais grata por voc\u00ea existir. Com amor sempre, Ariana (sua Glinda).<\/p>\n<blockquote class=\"instagram-media\" data-instgrm-permalink=\"https:\/\/www.instagram.com\/p\/DRaE6JdDuxj\/?utm_source=ig_embed&amp;utm_campaign=loading\" data-instgrm-version=\"13\"\/><p>\n\t\t\t\t\t\t<script async src=\"\/\/www.instagram.com\/embed.js\"><\/script><\/p>\n","protected":false},"excerpt":{"rendered":"Na \u00faltima quinta-feira, dia 20, estreou nos cinemas o filme Wicked: For Good, continua\u00e7\u00e3o do filme baseado no&hellip;\n","protected":false},"author":2,"featured_media":163181,"comment_status":"","ping_status":"","sticky":false,"template":"","format":"standard","meta":{"footnotes":""},"categories":[145],"tags":[211,210,1902,114,115,1899,980,1905,1650,13,1898,32,33,1904,1903,1900,1906,941,1901],"class_list":{"0":"post-163180","1":"post","2":"type-post","3":"status-publish","4":"format-standard","5":"has-post-thumbnail","7":"category-celebridades","8":"tag-celebridades","9":"tag-celebrities","10":"tag-enquetes","11":"tag-entertainment","12":"tag-entretenimento","13":"tag-estilo","14":"tag-famosos","15":"tag-foruns","16":"tag-fotos","17":"tag-noticias","18":"tag-perfis","19":"tag-portugal","20":"tag-pt","21":"tag-quizes","22":"tag-rakings","23":"tag-realities","24":"tag-red-carpet","25":"tag-series","26":"tag-teens"},"share_on_mastodon":{"url":"https:\/\/pubeurope.com\/@pt\/115604202616638663","error":""},"_links":{"self":[{"href":"https:\/\/www.europesays.com\/pt\/wp-json\/wp\/v2\/posts\/163180","targetHints":{"allow":["GET"]}}],"collection":[{"href":"https:\/\/www.europesays.com\/pt\/wp-json\/wp\/v2\/posts"}],"about":[{"href":"https:\/\/www.europesays.com\/pt\/wp-json\/wp\/v2\/types\/post"}],"author":[{"embeddable":true,"href":"https:\/\/www.europesays.com\/pt\/wp-json\/wp\/v2\/users\/2"}],"replies":[{"embeddable":true,"href":"https:\/\/www.europesays.com\/pt\/wp-json\/wp\/v2\/comments?post=163180"}],"version-history":[{"count":0,"href":"https:\/\/www.europesays.com\/pt\/wp-json\/wp\/v2\/posts\/163180\/revisions"}],"wp:featuredmedia":[{"embeddable":true,"href":"https:\/\/www.europesays.com\/pt\/wp-json\/wp\/v2\/media\/163181"}],"wp:attachment":[{"href":"https:\/\/www.europesays.com\/pt\/wp-json\/wp\/v2\/media?parent=163180"}],"wp:term":[{"taxonomy":"category","embeddable":true,"href":"https:\/\/www.europesays.com\/pt\/wp-json\/wp\/v2\/categories?post=163180"},{"taxonomy":"post_tag","embeddable":true,"href":"https:\/\/www.europesays.com\/pt\/wp-json\/wp\/v2\/tags?post=163180"}],"curies":[{"name":"wp","href":"https:\/\/api.w.org\/{rel}","templated":true}]}}