{"id":163186,"date":"2025-11-24T10:34:07","date_gmt":"2025-11-24T10:34:07","guid":{"rendered":"https:\/\/www.europesays.com\/pt\/163186\/"},"modified":"2025-11-24T10:34:07","modified_gmt":"2025-11-24T10:34:07","slug":"gordura-abdominal-riscos-doencas-e-como-combater","status":"publish","type":"post","link":"https:\/\/www.europesays.com\/pt\/163186\/","title":{"rendered":"Gordura abdominal: riscos, doen\u00e7as e como combater"},"content":{"rendered":"<p style=\"text-align:justify;\">Voc\u00ea tem gordura na barriga e j\u00e1 tentou de tudo para perd\u00ea-la? Essa famosa \u201cbarriguinha de pai\u201d pode parecer inofensiva, mas \u00e9 um fator de risco importante para v\u00e1rias doen\u00e7as.<br \/>\u201cA gordura visceral \u00e9 altamente inflamat\u00f3ria e pode causar resist\u00eancia \u00e0 insulina, diabetes, colesterol alto, ac\u00famulo de gordura no f\u00edgado, press\u00e3o alta, infarto e at\u00e9 derrame\u201d, explica o endocrinologista Dr. M\u00e1rcio Aur\u00e9lio Silva Pinto (CRM: 112.092\/SP | RQE: 29.169).<\/p>\n<p style=\"text-align:justify;\"><strong>Mesmo quem n\u00e3o \u00e9 obeso pode estar em risco. Essa gordura tamb\u00e9m est\u00e1 associada a alguns tipos de c\u00e2ncer e doen\u00e7as neurodegenerativas, como a dem\u00eancia.<\/strong><\/p>\n<p style=\"text-align:justify;\">A <strong>boa not\u00edcia \u00e9 que d\u00e1 para mudar esse cen\u00e1rio com dieta equilibrada, exerc\u00edcios (muscula\u00e7\u00e3o + aer\u00f3bico) e acompanhamento profissional<\/strong>. Se mesmo com h\u00e1bitos saud\u00e1veis o problema persistir, procure ajuda especializada. Cuidar da sa\u00fade \u00e9 sempre o melhor caminho.<\/p>\n<p>Veja ao v\u00eddeo com a explica\u00e7\u00e3o do especialista:<\/p>\n<p style=\"text-align:justify;\">undefinedTenha acesso aos conte\u00fados do Doutor Ajuda. Acesse o <a target=\"_blank\" rel=\"noopener noreferrer nofollow\" href=\"http:\/\/www.portaldoutorajuda.com.br\">site<\/a>.<\/p>\n<p>Fonte: <a target=\"_blank\" rel=\"noopener noreferrer nofollow\" href=\"https:\/\/brasil61.com\/n\/gordura-abdominal-riscos-doencas-e-como-combater-blog250767?email=jornalismo@tropicalfm99.com.br&amp;utm_source=newsletter&amp;utm_medium=newsletter&amp;utm_campaign=newsletter\">Brasil 61<\/a><\/p>\n","protected":false},"excerpt":{"rendered":"Voc\u00ea tem gordura na barriga e j\u00e1 tentou de tudo para perd\u00ea-la? Essa famosa \u201cbarriguinha de pai\u201d pode&hellip;\n","protected":false},"author":2,"featured_media":163187,"comment_status":"","ping_status":"","sticky":false,"template":"","format":"standard","meta":{"footnotes":""},"categories":[86],"tags":[116,5606,5605,32,33,5604,5602,117,5603],"class_list":{"0":"post-163186","1":"post","2":"type-post","3":"status-publish","4":"format-standard","5":"has-post-thumbnail","7":"category-saude","8":"tag-health","9":"tag-noticias-brasil-e-mundo","10":"tag-noticias-treze-tilias","11":"tag-portugal","12":"tag-pt","13":"tag-radio-treze-tilias","14":"tag-radio-tropical-fm","15":"tag-saude","16":"tag-tropical-fm"},"share_on_mastodon":{"url":"https:\/\/pubeurope.com\/@pt\/115604230220229904","error":""},"_links":{"self":[{"href":"https:\/\/www.europesays.com\/pt\/wp-json\/wp\/v2\/posts\/163186","targetHints":{"allow":["GET"]}}],"collection":[{"href":"https:\/\/www.europesays.com\/pt\/wp-json\/wp\/v2\/posts"}],"about":[{"href":"https:\/\/www.europesays.com\/pt\/wp-json\/wp\/v2\/types\/post"}],"author":[{"embeddable":true,"href":"https:\/\/www.europesays.com\/pt\/wp-json\/wp\/v2\/users\/2"}],"replies":[{"embeddable":true,"href":"https:\/\/www.europesays.com\/pt\/wp-json\/wp\/v2\/comments?post=163186"}],"version-history":[{"count":0,"href":"https:\/\/www.europesays.com\/pt\/wp-json\/wp\/v2\/posts\/163186\/revisions"}],"wp:featuredmedia":[{"embeddable":true,"href":"https:\/\/www.europesays.com\/pt\/wp-json\/wp\/v2\/media\/163187"}],"wp:attachment":[{"href":"https:\/\/www.europesays.com\/pt\/wp-json\/wp\/v2\/media?parent=163186"}],"wp:term":[{"taxonomy":"category","embeddable":true,"href":"https:\/\/www.europesays.com\/pt\/wp-json\/wp\/v2\/categories?post=163186"},{"taxonomy":"post_tag","embeddable":true,"href":"https:\/\/www.europesays.com\/pt\/wp-json\/wp\/v2\/tags?post=163186"}],"curies":[{"name":"wp","href":"https:\/\/api.w.org\/{rel}","templated":true}]}}