{"id":163192,"date":"2025-11-24T10:38:10","date_gmt":"2025-11-24T10:38:10","guid":{"rendered":"https:\/\/www.europesays.com\/pt\/163192\/"},"modified":"2025-11-24T10:38:10","modified_gmt":"2025-11-24T10:38:10","slug":"anistia-e-futuro-bolsonarista-em-xeque-apos-prisao-preventiva","status":"publish","type":"post","link":"https:\/\/www.europesays.com\/pt\/163192\/","title":{"rendered":"Anistia e futuro bolsonarista em xeque ap\u00f3s pris\u00e3o preventiva"},"content":{"rendered":"<p class=\"texto\">A semana para o cl\u00e3 bolsonarista come\u00e7a sob questionamentos. Com a pris\u00e3o preventiva do ex-presidente da Rep\u00fablica Jair Bolsonaro e l\u00edder da direita, \u00e0s v\u00e9speras do fim dos prazos para entrar com recursos contra a condena\u00e7\u00e3o no caso da trama golpista, promoveu um cen\u00e1rio desafiador aos seus aliados, colocando em xeque a aprova\u00e7\u00e3o de pautas pol\u00eamicas no Congresso Nacional, como o projeto que anistia os condenados pelo 8 de janeiro.<\/p>\n<p class=\"texto\">Nesse s\u00e1bado (22\/11), o l\u00edder do Partido dos Trabalhadores (PT) na C\u00e2mara dos Deputados, Lindbergh Farias (RJ), ironizou o sil\u00eancio da direita ap\u00f3s Bolsonaro aparecer em um v\u00eddeo gravado pela Pol\u00edcia Federal (PF) admitindo ter violado sua tornozeleira eletr\u00f4nica horas antes de ser preso preventivamente por ter danificado o aparelho.<\/p>\n<p class=\"texto\">Na ocasi\u00e3o, o petista pontuou que a tramita\u00e7\u00e3o de projetos bolsonaristas, como o PL da Anistia perderam for\u00e7a no Parlamento, pois, &#8220;o ato do ex-presidente os desmoralizou completamente&#8221;.<\/p>\n<p class=\"texto\">&#8220;Eles falavam que iam votar essa semana a anistia, com aquele projeto que reduzia as penas, que \u00e9 relatado pelo deputado Paulinho da For\u00e7a. Primeiro que seria uma maluquice, porque seria uma interfer\u00eancia no Poder Judici\u00e1rio. Ela \u00e9 inconstitucional, porque seria uma espec\u00edfica para livrar a cara do Bolsonaro. Perderam completamente as condi\u00e7\u00f5es pol\u00edticas. Esse ato do Bolsonaro desmoraliza completamente esse pessoal&#8221;, avalia Lindbergh. O parlamentar deu entrada em uma representa\u00e7\u00e3o no Supremo Tribunal Federal (STF), requerendo a amplia\u00e7\u00e3o da investiga\u00e7\u00e3o sob tentativa de fuga aos filhos do ex-presidente, Eduardo e Fl\u00e1vio Bolsonaro.<\/p>\n<p class=\"texto\"><a href=\"https:\/\/www.whatsapp.com\/channel\/0029VaB1U9a002T64ex1Sy2w\" target=\"_blank\" rel=\"nofollow noopener\"><strong>Siga o canal do Correio no WhatsApp e receba as principais not\u00edcias do dia no seu celular<\/strong><\/a><\/p>\n<p class=\"texto\">Para rebater a acusa\u00e7\u00e3o de Lindbergh, o vice-l\u00edder da oposi\u00e7\u00e3o, deputado Domingos S\u00e1vio (PL-MG), disse que a persegui\u00e7\u00e3o e as injusti\u00e7as cometidas contra o ex-presidente s\u00f3 aumentam a disposi\u00e7\u00e3o da direita para lutar ainda mais no Congresso Nacional. &#8220;A nossa principal pauta n\u00e3o se limita ao Bolsonaro, s\u00e3o centenas de brasileiros v\u00edtimas da persegui\u00e7\u00e3o do Alexandre de Moraes e seus comparsas. Havia policiais 24h vigiando o Bolsonaro, inclusive, dentro da \u00e1rea de sua resid\u00eancia e que tornava claro que sua fuga era imposs\u00edvel, al\u00e9m disso o argumento rid\u00edculo e ilegal associando a realiza\u00e7\u00e3o de um culto ecum\u00eanico nas vizinhan\u00e7as do condom\u00ednio longe da resid\u00eancia, uma vez que o condom\u00ednio \u00e9 fechado, como motivo para esta pris\u00e3o absurda&#8221;<\/p>\n<p class=\"texto\">Pressionado, o relator do projeto de anistia, agora chamado de projeto da Dosimetria, deputado Paulinho da For\u00e7a (Solidariedade-SP), pediu, de acordo com informa\u00e7\u00f5es obtidas pelo Correio, que o presidente da C\u00e2mara dos Deputados, Hugo Motta (Republicanos-PB), paute o texto em plen\u00e1rio ainda nesta semana, tratando apenas do trecho que disp\u00f5e sobre a dosimetria das penas, sem anistia ampla, como a oposi\u00e7\u00e3o gostaria.<\/p>\n<p class=\"texto\">Hugo Motta n\u00e3o se pronunciou sobre o pedido at\u00e9 o fechamento desta edi\u00e7\u00e3o. Mas, em declara\u00e7\u00f5es anteriores, acompanhadas pelo Correio, o parlamentar chegou a afirmar que toda decis\u00e3o da Casa ser\u00e1 definida com base no que a maioria dos l\u00edderes partid\u00e1rios definir como procedente na Reuni\u00e3o de L\u00edderes.<\/p>\n<p class=\"texto\">Sobre o risco do protagonismo bolsonarista decair no Parlamento, o cientista pol\u00edtico e diretor da Pesquisa e Comunica\u00e7\u00e3o S\/C Ltda. (Cepac), Rubens Figueiredo, argumenta que o Brasil vive um ambiente permanentemente tensionado, no qual crises sucessivas deixaram de ser exce\u00e7\u00e3o.<\/p>\n<p class=\"texto\">Para ele, esse ac\u00famulo de tens\u00f5es deve se agravar conforme o calend\u00e1rio eleitoral avan\u00e7a. &#8220;\u00c9 claro que a direita, cada vez que vai chegando mais perto da elei\u00e7\u00e3o, mais dificuldades vai criar para o governo Lula. E prender o l\u00edder de um lado da sociedade, que representa muita coisa, realmente n\u00e3o tem \u00e2nimos pacificadores&#8221;, pontuou o especialista.<\/p>\n<p>\u00a0              <\/p>\n<ul>\n<li><a href=\"https:\/\/wa.me\/?text=Anistia+e+futuro+bolsonarista+em+xeque+ap%C3%B3s+pris%C3%A3o+preventiva%20https:\/\/www.correiobraziliense.com.br\/politica\/2025\/11\/7298545-anistia-e-futuro-bolsonarista-em-xeque-apos-prisao-preventiva.html\" target=\"_blank\" title=\"Whatsapp\" aria-label=\"WhatsApp\" rel=\"nofollow noopener\"><\/a><\/li>\n<li><a href=\"https:\/\/www.facebook.com\/sharer.php?u=https:\/\/www.correiobraziliense.com.br%2Fpolitica%2F2025%2F11%2F7298545-anistia-e-futuro-bolsonarista-em-xeque-apos-prisao-preventiva.html&amp;text=Anistia+e+futuro+bolsonarista+em+xeque+ap%C3%B3s+pris%C3%A3o+preventiva\" target=\"_blank\" title=\"Facebook\" aria-label=\"Facebook\" rel=\"nofollow noopener\"><\/a><\/li>\n<li><a href=\"https:\/\/twitter.com\/intent\/tweet?url=https:\/\/www.correiobraziliense.com.br%2Fpolitica%2F2025%2F11%2F7298545-anistia-e-futuro-bolsonarista-em-xeque-apos-prisao-preventiva.html&amp;text=Anistia+e+futuro+bolsonarista+em+xeque+ap%C3%B3s+pris%C3%A3o+preventiva\" target=\"_blank\" title=\"Twitter\" aria-label=\"Twitter\" rel=\"nofollow noopener\"><\/a><\/li>\n<li><a href=\"https:\/\/profile.google.com\/cp\/CgovbS8wNzZ0dms1\" title=\"Google Discover\" target=\"_blank\" aria-label=\"Google Discover\" rel=\"nofollow noopener\"><img decoding=\"async\" src=\"https:\/\/www.europesays.com\/pt\/wp-content\/uploads\/2025\/11\/1762975755_52_google-discover-icon.png\" style=\"height: 25px; margin: 0 !important; margin-left: 3px;\" alt=\"Google Discover Icon\"\/><\/a><\/li>\n<\/ul>\n<p>              <a href=\"https:\/\/www.correiobraziliense.com.br\/autor\/wal-lima\/page\/1\/\" style=\"height: 100%;\" rel=\"nofollow noopener\" target=\"_blank\"><img decoding=\"async\" class=\"hidden-print author-circle d-block h6 mt-0 mb-0 mr-6 text-center\" src=\"https:\/\/www.europesays.com\/pt\/wp-content\/uploads\/2025\/11\/whatsapp_image_2025_04_24_at_22_58_56-50413402.jpeg\" alt=\"\" width=\"40\" height=\"40\" loading=\"lazy\" style=\"object-fit:cover; width: 40px; height: 40px; margin-right:10px;\"\/><\/a><a href=\"https:\/\/www.correiobraziliense.com.br\/autor\/wal-lima\/page\/1\/\" rel=\"nofollow noopener\" target=\"_blank\"><img decoding=\"async\" class=\"hidden-print author-circle d-block h6 mt-0 mb-0 mr-6 text-center\" src=\"https:\/\/www.europesays.com\/pt\/wp-content\/uploads\/2025\/11\/whatsapp_image_2025_04_24_at_22_58_56-50413402.jpeg\" alt=\"\" width=\"40\" height=\"40\" loading=\"lazy\" style=\"object-fit:cover; width: 40px; height: 40px; margin-right:10px;\"\/><\/a>Wal Lima  <strong class=\"entryStrongAuthor\">Rep\u00f3rter de Pol\u00edtica<\/strong><\/p>\n<p class=\"entryDescricaoAuthor\">Jornalista com mais de 10 anos de experi\u00eancia, com especializa\u00e7\u00e3o em Marketing Pol\u00edtico Digital. Al\u00e9m da experi\u00eancia em reda\u00e7\u00e3o e portais, j\u00e1 atuei como assessora de comunica\u00e7\u00e3o de parlamentares na C\u00e2mara dos Deputados. Tenho o jornalismo como uma miss\u00e3o <\/p>\n<p>                          <script async src=\"https:\/\/platform.twitter.com\/widgets.js\" charset=\"utf-8\"><\/script><\/p>\n","protected":false},"excerpt":{"rendered":"A semana para o cl\u00e3 bolsonarista come\u00e7a sob questionamentos. Com a pris\u00e3o preventiva do ex-presidente da Rep\u00fablica Jair&hellip;\n","protected":false},"author":2,"featured_media":163193,"comment_status":"","ping_status":"","sticky":false,"template":"","format":"standard","meta":{"footnotes":""},"categories":[50],"tags":[1543,27,28,5557,34589,15,16,14,16440,25,26,21,22,62,12,13,19,20,23,24,17,18,29,30,31,63,64,65],"class_list":{"0":"post-163192","1":"post","2":"type-post","3":"status-publish","4":"format-standard","5":"has-post-thumbnail","7":"category-mundo","8":"tag-bolsonaro","9":"tag-breaking-news","10":"tag-breakingnews","11":"tag-camara-dos-deputados","12":"tag-dosimetria","13":"tag-featured-news","14":"tag-featurednews","15":"tag-headlines","16":"tag-hugo-motta","17":"tag-latest-news","18":"tag-latestnews","19":"tag-main-news","20":"tag-mainnews","21":"tag-mundo","22":"tag-news","23":"tag-noticias","24":"tag-noticias-principais","25":"tag-noticiasprincipais","26":"tag-principais-noticias","27":"tag-principaisnoticias","28":"tag-top-stories","29":"tag-topstories","30":"tag-ultimas","31":"tag-ultimas-noticias","32":"tag-ultimasnoticias","33":"tag-world","34":"tag-world-news","35":"tag-worldnews"},"share_on_mastodon":{"url":"https:\/\/pubeurope.com\/@pt\/115604246309160721","error":""},"_links":{"self":[{"href":"https:\/\/www.europesays.com\/pt\/wp-json\/wp\/v2\/posts\/163192","targetHints":{"allow":["GET"]}}],"collection":[{"href":"https:\/\/www.europesays.com\/pt\/wp-json\/wp\/v2\/posts"}],"about":[{"href":"https:\/\/www.europesays.com\/pt\/wp-json\/wp\/v2\/types\/post"}],"author":[{"embeddable":true,"href":"https:\/\/www.europesays.com\/pt\/wp-json\/wp\/v2\/users\/2"}],"replies":[{"embeddable":true,"href":"https:\/\/www.europesays.com\/pt\/wp-json\/wp\/v2\/comments?post=163192"}],"version-history":[{"count":0,"href":"https:\/\/www.europesays.com\/pt\/wp-json\/wp\/v2\/posts\/163192\/revisions"}],"wp:featuredmedia":[{"embeddable":true,"href":"https:\/\/www.europesays.com\/pt\/wp-json\/wp\/v2\/media\/163193"}],"wp:attachment":[{"href":"https:\/\/www.europesays.com\/pt\/wp-json\/wp\/v2\/media?parent=163192"}],"wp:term":[{"taxonomy":"category","embeddable":true,"href":"https:\/\/www.europesays.com\/pt\/wp-json\/wp\/v2\/categories?post=163192"},{"taxonomy":"post_tag","embeddable":true,"href":"https:\/\/www.europesays.com\/pt\/wp-json\/wp\/v2\/tags?post=163192"}],"curies":[{"name":"wp","href":"https:\/\/api.w.org\/{rel}","templated":true}]}}