{"id":163194,"date":"2025-11-24T10:40:20","date_gmt":"2025-11-24T10:40:20","guid":{"rendered":"https:\/\/www.europesays.com\/pt\/163194\/"},"modified":"2025-11-24T10:40:20","modified_gmt":"2025-11-24T10:40:20","slug":"o-que-fazer-segunda-e-dia-de-ir-aos-azeites-e-lourear-a-pevide-lazer","status":"publish","type":"post","link":"https:\/\/www.europesays.com\/pt\/163194\/","title":{"rendered":"O que fazer? Segunda \u00e9 dia de ir aos azeites e Lourear a Pevide | Lazer"},"content":{"rendered":"<p>\u00c0 Mesa com Azeite<\/p>\n<p dir=\"ltr\"><strong>VILA NOVA DA BARQUINHA Restaurantes aderentes. De 1\/11 a 30\/11. <\/strong><\/p>\n<p dir=\"ltr\">Dos lagares locais sai o n\u00e9ctar dourado, pronto a regar torricado de polvo, bacalhau desfiado com broa e am\u00eandoas, bife de atum, polvo \u00e0 lagareiro, l\u00facio de coentrada, sopa de feij\u00e3o com couve e outros pit\u00e9us que fazem a carta da 25.\u00aa edi\u00e7\u00e3o do ritual gastron\u00f3mico. S\u00e3o nove os restaurantes do concelho que se prontificam a saciar o palato e preservar esta mem\u00f3ria e tradi\u00e7\u00e3o da terra (coordenadas a consultar em <a href=\"http:\/\/www.cm-vnbarquinha.pt\" target=\"_blank\" rel=\"nofollow noopener\">www.cm-vnbarquinha.pt<\/a>).<\/p>\n<p>        &#13;<\/p>\n<p>&#13;<br \/>\n                &#13;\n            <\/p>\n<p>&#13;<\/p>\n<p>Lourear a Pevide<\/p>\n<p dir=\"ltr\"><strong>PONTE DE LIMA V\u00e1rios locais. De 15\/10 a 30\/11.<\/strong><\/p>\n<p dir=\"ltr\">Quinta edi\u00e7\u00e3o da iniciativa enogastron\u00f3mica que convida \u201ca relaxar numa esplanada com o rio Lima na linha do horizonte\u201d, de petisco numa m\u00e3o e copo de vinho na outra. A ideia \u00e9 harmonizar os n\u00e9ctares da casta loureiro com a gastronomia regional.<\/p>\n<p dir=\"ltr\">Neste campo, destacam-se \u201co arroz de chocos com mexilh\u00f5es, a sandes de p\u00e3o l\u00eavedo com pernil assado e cebola caramelizada em vinho do Porto, as tradicionais tripinhas e punhetas de bacalhau ou as frescas bruschettas de tomate e presunto ou de polvo\u201d, enunciam na ementa. S\u00e3o 20 os estabelecimentos que se d\u00e3o \u00e0 experi\u00eancia, no valor de 4\u20ac; o mapa pode ser consultado em <a href=\"https:\/\/www.lourearapevide.pt\/\" target=\"_blank\" rel=\"nofollow noopener\">www.lourearapevide.pt<\/a>.<\/p>\n<p>Alcione<\/p>\n<p dir=\"ltr\"><strong>PORTO Coliseu Porto Ageas. Dia 24\/11, \u00e0s 21h30. M\/6. 35\u20ac a 80\u20ac<\/strong><\/p>\n<p dir=\"ltr\">H\u00e1 quem a conhe\u00e7a como rainha do samba. Ou simplesmente como &#8220;Marron&#8221;, nome com que \u00e9 carinhosamente apelidada. Falamos da cantora e compositora brasileira Alcione (n.1947, S\u00e3o Lu\u00eds do Maranh\u00e3o) que regressa a Portugal com um espect\u00e1culo que se passeia pelos \u00eaxitos de uma carreira com mais de cinco d\u00e9cadas. Faz uma loucura por mim, N\u00e3o deixe o samba morrer e Meu \u00e9bano s\u00e3o alguns dos exemplos.<\/p>\n<p>        &#13;<\/p>\n<p>&#13;<br \/>\n                &#13;\n            <\/p>\n<p>&#13;<\/p>\n<p>Aalto<\/p>\n<p dir=\"ltr\"><strong>PORTO Museu de Serralves &#8211; Ala \u00c1lvaro Siza. De 18\/7 a 4\/1. Segunda a sexta, das 10h \u00e0s 18h; s\u00e1bado, domingo e feriados, das 10h \u00e0s 19h. 24\u20ac (acesso a todos os espa\u00e7os da funda\u00e7\u00e3o)<\/strong><\/p>\n<p dir=\"ltr\">Reunindo \u201cum corpo de obra a tr\u00eas\u201d, a exposi\u00e7\u00e3o aponta o foco a Alvar Aalto (1898-1976), arquitecto finland\u00eas que \u00e9 uma das maiores figuras do Movimento Moderno, e \u00e0s suas duas esposas: Aino Aalto (1894-1949) e Elissa Aalto (1922-1994). Projectos constru\u00eddos e desenhados, mas tamb\u00e9m pe\u00e7as de design, podem aqui ser vistos numa linha cronol\u00f3gica que vai dos anos 1920 a 1980. A curadoria \u00e9 de Ant\u00f3nio Choupina.<\/p>\n<p>        &#13;<\/p>\n<p>&#13;<br \/>\n                &#13;\n            <\/p>\n<p>&#13;<\/p>\n<p>Orquestra Metropolitana de Lisboa<\/p>\n<p dir=\"ltr\"><strong>LISBOA Teatro Tivoli BBVA. Dia 24\/11, \u00e0s 21h. M\/6. 10\u20ac a 20\u20ac<\/strong><\/p>\n<p dir=\"ltr\">Num programa centrado n\u2019A Reinven\u00e7\u00e3o de Schubert, o agrupamento interpreta a Sinfonia n.\u00ba 7 e Rendering, pe\u00e7a completada por Luciano Berio. Ambas as composi\u00e7\u00f5es fazem parte do lote de sinfonias incompletas deixadas pelo austr\u00edaco Franz Schubert, aqui revisitadas e reinventadas, sob a direc\u00e7\u00e3o do maestro Pedro Neves.<\/p>\n<p>Festa da Ilustra\u00e7\u00e3o<\/p>\n<p dir=\"ltr\"><strong>SET\u00daBAL Casa da Cultura, Galeria Municipal do Onze, Museu do Trabalho Michel Giacometti, Casa das Imagens Lauro Ant\u00f3nio, Casa Bocage, A Gr\u00e1fica, Museu de Set\u00fabal\/Convento de Jesus, Livraria Culsete e bibliotecas de Set\u00fabal e Azeit\u00e3o. De 3\/10 a 30\/11. Gr\u00e1tis<\/strong><\/p>\n<p dir=\"ltr\">\u00daltimos dias para visitar a 11.\u00aa edi\u00e7\u00e3o da festa que tem como tema-desafio \u00c9 preciso fazer um desenho? Traz perto de uma dezena de exposi\u00e7\u00f5es, uma oficina e uma sess\u00e3o de cinema, desdobrando-se por v\u00e1rios espa\u00e7os sadinos.<\/p>\n<p dir=\"ltr\">Na montra expositiva, destacam-se Salvar o Tempo de Rachel Caiado e Aqui \u00c9 Um Bom Lugar de Yara Kono, respectivamente as convidadas nacional e internacional deste cartaz. Nota ainda para as homenagens aos 150 anos de Rafael Bordalo Pinheiro (Z\u00e9: Sempre o Mesmo) e aos 100 anos de palavras cruzadas em Portugal (O Cruciverbalista). Conversas, curtas de anima\u00e7\u00e3o e a oficina Viagens \u00e0 Volta de Uma Linha completam o card\u00e1pio. A curadoria est\u00e1 nas m\u00e3os de Jos\u00e9 Te\u00f3filo Duarte.<\/p>\n<p>        &#13;<\/p>\n<p>&#13;<br \/>\n                &#13;\n            <\/p>\n<p>&#13;<\/p>\n<p>        &#13;<\/p>\n<p>&#13;<br \/>\n                &#13;\n            <\/p>\n<p>&#13;<\/p>\n","protected":false},"excerpt":{"rendered":"\u00c0 Mesa com Azeite VILA NOVA DA BARQUINHA Restaurantes aderentes. De 1\/11 a 30\/11. Dos lagares locais sai&hellip;\n","protected":false},"author":2,"featured_media":163195,"comment_status":"","ping_status":"","sticky":false,"template":"","format":"standard","meta":{"footnotes":""},"categories":[10],"tags":[1632,2882,27,28,15,16,287,754,14,24562,25,26,294,21,22,150,12,13,19,20,1633,32,23,24,33,291,17,18,29,30,31],"class_list":{"0":"post-163194","1":"post","2":"type-post","3":"status-publish","4":"format-standard","5":"has-post-thumbnail","7":"category-portugal","8":"tag-agenda","9":"tag-arquitectura","10":"tag-breaking-news","11":"tag-breakingnews","12":"tag-featured-news","13":"tag-featurednews","14":"tag-fugas","15":"tag-gastronomia","16":"tag-headlines","17":"tag-ilustracao","18":"tag-latest-news","19":"tag-latestnews","20":"tag-lazer","21":"tag-main-news","22":"tag-mainnews","23":"tag-musica","24":"tag-news","25":"tag-noticias","26":"tag-noticias-principais","27":"tag-noticiasprincipais","28":"tag-o-que-fazer","29":"tag-portugal","30":"tag-principais-noticias","31":"tag-principaisnoticias","32":"tag-pt","33":"tag-relaxar","34":"tag-top-stories","35":"tag-topstories","36":"tag-ultimas","37":"tag-ultimas-noticias","38":"tag-ultimasnoticias"},"share_on_mastodon":{"url":"https:\/\/pubeurope.com\/@pt\/115604253795262827","error":""},"_links":{"self":[{"href":"https:\/\/www.europesays.com\/pt\/wp-json\/wp\/v2\/posts\/163194","targetHints":{"allow":["GET"]}}],"collection":[{"href":"https:\/\/www.europesays.com\/pt\/wp-json\/wp\/v2\/posts"}],"about":[{"href":"https:\/\/www.europesays.com\/pt\/wp-json\/wp\/v2\/types\/post"}],"author":[{"embeddable":true,"href":"https:\/\/www.europesays.com\/pt\/wp-json\/wp\/v2\/users\/2"}],"replies":[{"embeddable":true,"href":"https:\/\/www.europesays.com\/pt\/wp-json\/wp\/v2\/comments?post=163194"}],"version-history":[{"count":0,"href":"https:\/\/www.europesays.com\/pt\/wp-json\/wp\/v2\/posts\/163194\/revisions"}],"wp:featuredmedia":[{"embeddable":true,"href":"https:\/\/www.europesays.com\/pt\/wp-json\/wp\/v2\/media\/163195"}],"wp:attachment":[{"href":"https:\/\/www.europesays.com\/pt\/wp-json\/wp\/v2\/media?parent=163194"}],"wp:term":[{"taxonomy":"category","embeddable":true,"href":"https:\/\/www.europesays.com\/pt\/wp-json\/wp\/v2\/categories?post=163194"},{"taxonomy":"post_tag","embeddable":true,"href":"https:\/\/www.europesays.com\/pt\/wp-json\/wp\/v2\/tags?post=163194"}],"curies":[{"name":"wp","href":"https:\/\/api.w.org\/{rel}","templated":true}]}}