{"id":163198,"date":"2025-11-24T10:43:17","date_gmt":"2025-11-24T10:43:17","guid":{"rendered":"https:\/\/www.europesays.com\/pt\/163198\/"},"modified":"2025-11-24T10:43:17","modified_gmt":"2025-11-24T10:43:17","slug":"coroada-na-grande-rio-virginia-surpreende-ao-confessar-inseguranca-estou-comecando-terra","status":"publish","type":"post","link":"https:\/\/www.europesays.com\/pt\/163198\/","title":{"rendered":"Coroada na Grande Rio, Virginia surpreende ao confessar inseguran\u00e7a: &#039;Estou come\u00e7ando&#039; &#8211; Terra"},"content":{"rendered":"<ol>\n<li><a href=\"https:\/\/news.google.com\/rss\/articles\/CBMi_AFBVV95cUxNNTdNdTJSUE1zcW9ndVppWHJRWkZfQzJPM1RaeTVrZHpCSkJzWm9xYkdoYl9Sd25jX0NiN3VDa0VlQktYcE0zaEhxcU9yWE04ZEJOcng4dFh6X2Y3eVdsaUtrRWxmN2RzbjVPa1dvWVVsSTg2NXBrTl9zMDNpWWx1aVhTbXdDeEN6cFBIZ21XS2xoU3JOTUo3VENXRGNHU2FZdThyRnZ4V2V4Nl9xODBDZ2QtUlFQR2duRTNHcFBZQnF4TTRsWm1Qdkc1b0w0ZENjSUh1cGg0Uks0cnM4Q3VvYTEyQUc3VkZNR1ZZTDJjLW1Kek1aZC1OVDEyNjM?oc=5\" target=\"_blank\" rel=\"nofollow noopener\">Coroada na Grande Rio, Virginia surpreende ao confessar inseguran\u00e7a: &#8216;Estou come\u00e7ando&#8217;<\/a>&nbsp;&nbsp;Terra<\/li>\n<li><a href=\"https:\/\/news.google.com\/rss\/articles\/CBMiuAFBVV95cUxOcHp4ZE5TSkNZd0tTRjNNR2FST2E3OGNfSkNqNmJNd240cmRuV0JycTlJQWxWMHJUMEVvUGtFbjQ5MkVEeHFDNHNZYnl5a0lnUjNiUEoySDhYMmtzT3lCY0ZoV0dRWXprN0NVU2ZBMURqQ3I5N2JiUXNLTHZqQWZmMFo2STFFQUlLRHZ4YzctTzA1MThoYnFlWEdxSHUzVzFyc25IN3EtUXA1c1RzbHd3d1p3UUpwdE5P0gG-AUFVX3lxTE9rUFFCemtUM1VveUZDazM0SHdQTE5pd191TDlURnpIU1NvaGZlYkEzNmhVN1dPZmwwSlRQMGlSZWVncFZpbkFoV09sdVpjMUNZMkwzdHI2TEtDaTduUFhqRHRKRnJnZU5td2dSS0NfbmVQdmlrSGZ5QWdrQ3AyTTFqbjRWaTZ3ckQwZklwR1NnTlYxMVQ1bnRtVENNbTdVSmRSVEFhYWlSdUVZTGJITTMxbVNnSFpuS01hb2FnZkE?oc=5\" target=\"_blank\" rel=\"nofollow noopener\">&#8220;N\u00e3o me sinto uma boa rainha de bateria&#8221;, confessa Virginia<\/a>&nbsp;&nbsp;NaTelinha<\/li>\n<li><a href=\"https:\/\/news.google.com\/rss\/articles\/CBMiywFBVV95cUxNUGR3dDRpNGV6b0oycEhXa2lZSUJKZk9UdWRaMHFWajRwenliU2FqSVRTZndxMUN6NkJOeGdncy13SXd5UXNrUndrbm9HREJlSWNvSnJRZ2FhRVBsdmlCR3NCaktJQ1UxMFVDNUcybnlCOW9wMHN0RE0tUDBsS01KN08waTZOSFJJcExJSDY1dXFublBCQUlvN2Q3aVNQanlRd1A4bmlSVm9Da0NCN3VuSHNwSk9kQjA0R1lhOFJGR2s5ZDZ1eERVdF9wNNIB2gFBVV95cUxOalg4Uzd2MzlCS2pDdTFnYlRXRG9KMzVYOGpkN3ZrdkpWWWJBRHpSQV9BUXlUSmlTS1p3QXBNcVlzVTRNSVhOS3R6RXpCMVRMMngzckpfSzliOWFYVWJ2MmlMbWxXc1dSN3FMaUd5UWFuRzdhbmtPR3BjbzhfV1gwMjZfRXl2bVBpM3VGbkVWM1lQMFZRYWllTU81OWZBRjFKTXlTSENqbVJRUHc1STRrZDQ3N3RKaTVjQ0VOWWZuRElJakk0MXZGUW93dVJPOUtqSHQtOWVETjN0Zw?oc=5\" target=\"_blank\" rel=\"nofollow noopener\">Virginia Fonseca admite: &#8216;N\u00e3o me sinto uma boa rainha de bateria&#8217;<\/a>&nbsp;&nbsp;revistaquem.globo.com<\/li>\n<li><a href=\"https:\/\/news.google.com\/rss\/articles\/CBMi7AFBVV95cUxPOExkSW5HMkE0NmlnQ0l4c3FNcU5Bc0JjbW0xbVdJSkk2QjlXV3U1eDVCTDRWYkZ0Nk1PTDVsellPN3VYSE1KSm1EY0ZEOHhIV0RxR3pxY0RGUWRYY05kMHB0NDRYTUtPUEFBYTA2YWVEWmdHcWZLbm5yZC0tc3pBeXJGeHFTbnNiX2hKTHU1aDFhUWgzQmZyLWNzSGpYZnBwSS1vS2MtRG9KWi16djhZdzRPN2Zva1BtejloNGRHWFZfQjBzX29mUVl0SUVacnpOQXRZcUFyTlRhbUpsUm5mdUhod0tfSmk3MWd6dQ?oc=5\" target=\"_blank\" rel=\"nofollow noopener\">Virginia revela que sua equipe de est\u00e9tica vai dar suporte no Carnaval<\/a>&nbsp;&nbsp;Terra<\/li>\n<li><a href=\"https:\/\/news.google.com\/rss\/articles\/CBMiiwJBVV95cUxQcW9GbWUtWUUwTHNGNWgyS3VtM1hqb1N3NUxlQkM0VGVzSy1JaVJGb21HZmpNbVBKWThqVEhtaU55c1BPUVB2VTktVTR1eTltU2t0dkRYc1RGajhwNlhBcUh1WUdjSE1Ed2xJX2lKSVpJUzVzQ2htUndrVzdyYkViaXZhc3ZWSXJnLVUwYmg3eFQyeWtVd21sbnlZdXZsTWw4RFlqZE9wWUl6eVExY1I2cmpickVMSDQtXzBoeHZCMW5vTGpLeWJOX0FlSFNuZzA5SkpVSV9LeERIQkItOTA5STlCWHBpQjV5d1c1cXpUbkxyamVKaWNneFFRMUNKVUs0b0JHRlhGblhvd28?oc=5\" target=\"_blank\" rel=\"nofollow noopener\">Grande Rio cancela primeiro ensaio de rua de Virg\u00ednia Fonseca como rainha de bateria ap\u00f3s artista assumir que ainda n\u00e3o est\u00e1 pronta. Entenda!<\/a>&nbsp;&nbsp;purepeople.com.br<\/li>\n<\/ol>\n","protected":false},"excerpt":{"rendered":"Coroada na Grande Rio, Virginia surpreende ao confessar inseguran\u00e7a: &#8216;Estou come\u00e7ando&#8217;&nbsp;&nbsp;Terra &#8220;N\u00e3o me sinto uma boa rainha de&hellip;\n","protected":false},"author":2,"featured_media":161252,"comment_status":"","ping_status":"","sticky":false,"template":"","format":"standard","meta":{"footnotes":""},"categories":[145],"tags":[211,210,114,115,32,33],"class_list":{"0":"post-163198","1":"post","2":"type-post","3":"status-publish","4":"format-standard","5":"has-post-thumbnail","7":"category-celebridades","8":"tag-celebridades","9":"tag-celebrities","10":"tag-entertainment","11":"tag-entretenimento","12":"tag-portugal","13":"tag-pt"},"share_on_mastodon":{"url":"https:\/\/pubeurope.com\/@pt\/115604265580458394","error":""},"_links":{"self":[{"href":"https:\/\/www.europesays.com\/pt\/wp-json\/wp\/v2\/posts\/163198","targetHints":{"allow":["GET"]}}],"collection":[{"href":"https:\/\/www.europesays.com\/pt\/wp-json\/wp\/v2\/posts"}],"about":[{"href":"https:\/\/www.europesays.com\/pt\/wp-json\/wp\/v2\/types\/post"}],"author":[{"embeddable":true,"href":"https:\/\/www.europesays.com\/pt\/wp-json\/wp\/v2\/users\/2"}],"replies":[{"embeddable":true,"href":"https:\/\/www.europesays.com\/pt\/wp-json\/wp\/v2\/comments?post=163198"}],"version-history":[{"count":0,"href":"https:\/\/www.europesays.com\/pt\/wp-json\/wp\/v2\/posts\/163198\/revisions"}],"wp:featuredmedia":[{"embeddable":true,"href":"https:\/\/www.europesays.com\/pt\/wp-json\/wp\/v2\/media\/161252"}],"wp:attachment":[{"href":"https:\/\/www.europesays.com\/pt\/wp-json\/wp\/v2\/media?parent=163198"}],"wp:term":[{"taxonomy":"category","embeddable":true,"href":"https:\/\/www.europesays.com\/pt\/wp-json\/wp\/v2\/categories?post=163198"},{"taxonomy":"post_tag","embeddable":true,"href":"https:\/\/www.europesays.com\/pt\/wp-json\/wp\/v2\/tags?post=163198"}],"curies":[{"name":"wp","href":"https:\/\/api.w.org\/{rel}","templated":true}]}}