{"id":163199,"date":"2025-11-24T10:46:19","date_gmt":"2025-11-24T10:46:19","guid":{"rendered":"https:\/\/www.europesays.com\/pt\/163199\/"},"modified":"2025-11-24T10:46:19","modified_gmt":"2025-11-24T10:46:19","slug":"jaques-interna-filipa-depois-que-ela-descobre-a-verdade-sobre-a-morte-de-abel","status":"publish","type":"post","link":"https:\/\/www.europesays.com\/pt\/163199\/","title":{"rendered":"Jaques interna Filipa depois que ela descobre a verdade sobre a morte de Abel"},"content":{"rendered":"<p>                        <img width=\"944\" height=\"531\" src=\"https:\/\/www.europesays.com\/pt\/wp-content\/uploads\/2025\/11\/jaques-interna-filipa-em-dona-de-mim-944x531.jpg\" class=\"attachment-custom-large size-custom-large article-featured-image\" alt=\"Marcello Novaes \u00e9 Jaques e Claudia Abreu \u00e9 Filipa na novela Dona de Mim\" fetchpriority=\"high\" decoding=\"async\"  \/><\/p>\n<p>Jaques interna Filipa em uma cl\u00ednica em &#8220;Dona de Mim&#8221; (Foto: Reprodu\u00e7\u00e3o, TV Globo)<\/p>\n<p>A primeira semana de dezembro marca o <strong>come\u00e7o da reta final<\/strong> de <strong>Dona de Mim<\/strong>. A <strong>novela de Rosane Svartman acaba no come\u00e7o de janeiro<\/strong>, quando estreia Cora\u00e7\u00e3o Acelerado. At\u00e9 l\u00e1, muita coisa ainda para ser resolvida, como a <strong>verdade sobre a morte de Abel<\/strong> (Tony Ramos).<\/p>\n<p>Continua depois da publicidade<\/p>\n<p>E a <strong>primeira pessoa a descobrir tudo ser\u00e1 Filipa<\/strong> (Claudia Abreu). Nos resumos divulgados pela Globo, nos cap\u00edtulos de 1\u00ba a 6 de dezembro, logo ap\u00f3s a morte de Ricardo (Marcos Pasquim), <strong>T\u00e2nia<\/strong> (Aline Borges) <strong>liga para Filipa e diz que sabe quem matou Abel<\/strong>.<\/p>\n<p>Filipa n\u00e3o vai querer ouvir, ent\u00e3o T\u00e2nia invade uma aula de teatro da atriz e faz a revela\u00e7\u00e3o. <strong>Ela vai contar que Jaques <\/strong>(<strong><a href=\"https:\/\/gshow.globo.com\/novelas\/dona-de-mim\/personagem\/jaques\/\" target=\"_blank\" rel=\"noreferrer noopener nofollow\">Marcello Novaes<\/a><\/strong>)<strong> e Danilo <\/strong>(<strong><a href=\"https:\/\/www.nsctotal.com.br\/noticias\/como-e-a-casa-de-felipe-simas-o-danilo-de-dona-de-mim\" target=\"_blank\" rel=\"noreferrer noopener nofollow\">Felipe Simas<\/a><\/strong>)<strong> s\u00e3o os respons\u00e1veis pela morte<\/strong> do marido de Filipa. Essa not\u00edcia deixa Filipa totalmente atordoada.<\/p>\n<p>No fundo, ela at\u00e9 esperava isso de Jaques, mas de Danilo n\u00e3o! Filipa vai ao encontro do rapaz e o confronta. Ao contr\u00e1rio do que se poderia imaginar, <strong>Danilo confirma a vers\u00e3o de T\u00e2nia<\/strong>, confessando sua participa\u00e7\u00e3o na morte de Abel.<\/p>\n<p>Continua depois da publicidade<\/p>\n<p>Filipa n\u00e3o pensa duas vezes e <strong>exige que Danilo a acompanhe at\u00e9 \u00e0 delegacia<\/strong> para contar tudo que sabe. Antes disso, <strong>ela revela para Leo<\/strong> (Clara Moneke) <strong>e Samuel<\/strong> (Juan Paiva) <strong>o que descobriu<\/strong>. O problema \u00e9 que Danilo vai dar com a l\u00edngua nos dentes e contar para Jaques que eles foram descobertos.<\/p>\n<p>\u00c9 nessa hora que o vil\u00e3o consegue vai agir da maneira que ele sabe fazer de melhor, que \u00e9 manipulando. <strong>Ele arma para Filipa e a interna em uma cl\u00ednica<\/strong>. O pior? N\u00e3o conta para ningu\u00e9m onde ela foi parar deixando todos preocupados com o <strong>sumi\u00e7o de Filipa<\/strong>, que estar\u00e1 atordoada na cl\u00ednica.<\/p>\n<p>Para saber como ela vai escapar s\u00f3 acompanhando mesmo as <strong>emo\u00e7\u00f5es finais de Dona de Mim<\/strong>, que virou um verdadeiro novel\u00e3o das nove.<\/p>\n<p>Continua depois da publicidade<\/p>\n<p>Confira os destaques de Dona de Mim na semana de 1\u00ba a 6 de dezembro1<\/p>\n<p>VoltarAvan\u00e7ar<\/p>\n<p><img loading=\"lazy\" decoding=\"async\" width=\"1200\" height=\"675\" data-id=\"7732548\" src=\"https:\/\/www.europesays.com\/pt\/wp-content\/uploads\/2025\/11\/1763981175_559_Rosa-em-Dona-de-Mim.jpg\" alt=\"Rosa em Dona de Mim\" class=\"wp-image-7732548\"  \/><\/p>\n<p>Rosa se prepara para a nova audi\u00eancia de sua curatela. (Foto: Reprodu\u00e7\u00e3o, TV Globo)<\/p>\n<p><img loading=\"lazy\" decoding=\"async\" width=\"1200\" height=\"675\" data-id=\"7732547\" src=\"https:\/\/www.europesays.com\/pt\/wp-content\/uploads\/2025\/11\/1763981176_425_Ricardo-em-Dona-de-Mim.jpg\" alt=\"Ricardo em Dona de Mim\" class=\"wp-image-7732547\"  \/><\/p>\n<p>Samuel e Rosa chegam ao hospital e veem o corpo de Ricardo. (Foto: Reprodu\u00e7\u00e3o, TV Globo)<\/p>\n<p><img loading=\"lazy\" decoding=\"async\" width=\"1200\" height=\"675\" data-id=\"7732550\" src=\"https:\/\/www.europesays.com\/pt\/wp-content\/uploads\/2025\/11\/1763981177_973_Tania-em-Dona-de-Mim.jpg\" alt=\"T\u00e2nia em Dona de Mim\" class=\"wp-image-7732550\"  \/><\/p>\n<p>T\u00e2nia afirma a Filipa que sabe quem matou Abel. (Foto: Reprodu\u00e7\u00e3o, TV Globo)<\/p>\n<p><img loading=\"lazy\" decoding=\"async\" width=\"1200\" height=\"675\" data-id=\"7732545\" src=\"https:\/\/www.europesays.com\/pt\/wp-content\/uploads\/2025\/11\/1763981178_2_Jaques-em-Dona-de-Mim.jpg\" alt=\"Jaques em Dona de Mim\" class=\"wp-image-7732545\"  \/><\/p>\n<p>Jaques arma para Filipa e consegue intern\u00e1-la em uma cl\u00ednica psiqui\u00e1trica. (Foto: Reprodu\u00e7\u00e3o, TV Globo)<\/p>\n<p><img loading=\"lazy\" decoding=\"async\" width=\"1200\" height=\"675\" data-id=\"7732549\" src=\"https:\/\/www.europesays.com\/pt\/wp-content\/uploads\/2025\/11\/1763981178_816_Samuel-em-Dona-de-Mim.jpg\" alt=\"Samuel em Dona de Mim\" class=\"wp-image-7732549\"  \/><\/p>\n<p>Samuel confronta Jaques e acaba quebrando o celular de Ricardo. (Foto: Reprodu\u00e7\u00e3o, TV Globo)<\/p>\n<p><img loading=\"lazy\" decoding=\"async\" width=\"1200\" height=\"675\" data-id=\"7732546\" src=\"https:\/\/www.europesays.com\/pt\/wp-content\/uploads\/2025\/11\/1763981179_550_Marlon-em-Dona-de-Mim.jpg\" alt=\"Marlon em Dona de Mim\" class=\"wp-image-7732546\"  \/><\/p>\n<p>Marlon vence sua luta com Jorginho, e a dedica a Leo. (Foto: Reprodu\u00e7\u00e3o, TV Globo)<\/p>\n<p>Voc\u00ea pode gostar de ver tamb\u00e9m o <a href=\"https:\/\/www.nsctotal.com.br\/noticias\/resumo-de-dona-de-mim-capitulos-da-semana-de-1o-a-6-de-dezembro\" target=\"_blank\" rel=\"noreferrer noopener nofollow\"><strong>resumo de Dona de Mim: cap\u00edtulos da semana de 1\u00ba a 6 de dezembro<\/strong><\/a>.<\/p>\n","protected":false},"excerpt":{"rendered":"Jaques interna Filipa em uma cl\u00ednica em &#8220;Dona de Mim&#8221; (Foto: Reprodu\u00e7\u00e3o, TV Globo) A primeira semana de&hellip;\n","protected":false},"author":2,"featured_media":163200,"comment_status":"","ping_status":"","sticky":false,"template":"","format":"standard","meta":{"footnotes":""},"categories":[142],"tags":[114,115,32,33,151,543],"class_list":{"0":"post-163199","1":"post","2":"type-post","3":"status-publish","4":"format-standard","5":"has-post-thumbnail","7":"category-tv","8":"tag-entertainment","9":"tag-entretenimento","10":"tag-portugal","11":"tag-pt","12":"tag-tv","13":"tag-ver-ouvir-ler"},"share_on_mastodon":{"url":"https:\/\/pubeurope.com\/@pt\/115604278234531006","error":""},"_links":{"self":[{"href":"https:\/\/www.europesays.com\/pt\/wp-json\/wp\/v2\/posts\/163199","targetHints":{"allow":["GET"]}}],"collection":[{"href":"https:\/\/www.europesays.com\/pt\/wp-json\/wp\/v2\/posts"}],"about":[{"href":"https:\/\/www.europesays.com\/pt\/wp-json\/wp\/v2\/types\/post"}],"author":[{"embeddable":true,"href":"https:\/\/www.europesays.com\/pt\/wp-json\/wp\/v2\/users\/2"}],"replies":[{"embeddable":true,"href":"https:\/\/www.europesays.com\/pt\/wp-json\/wp\/v2\/comments?post=163199"}],"version-history":[{"count":0,"href":"https:\/\/www.europesays.com\/pt\/wp-json\/wp\/v2\/posts\/163199\/revisions"}],"wp:featuredmedia":[{"embeddable":true,"href":"https:\/\/www.europesays.com\/pt\/wp-json\/wp\/v2\/media\/163200"}],"wp:attachment":[{"href":"https:\/\/www.europesays.com\/pt\/wp-json\/wp\/v2\/media?parent=163199"}],"wp:term":[{"taxonomy":"category","embeddable":true,"href":"https:\/\/www.europesays.com\/pt\/wp-json\/wp\/v2\/categories?post=163199"},{"taxonomy":"post_tag","embeddable":true,"href":"https:\/\/www.europesays.com\/pt\/wp-json\/wp\/v2\/tags?post=163199"}],"curies":[{"name":"wp","href":"https:\/\/api.w.org\/{rel}","templated":true}]}}