{"id":16321,"date":"2025-08-04T22:44:14","date_gmt":"2025-08-04T22:44:14","guid":{"rendered":"https:\/\/www.europesays.com\/pt\/16321\/"},"modified":"2025-08-04T22:44:14","modified_gmt":"2025-08-04T22:44:14","slug":"chatgpt-atinge-700-milhoes-de-utilizadores-ativos-semanais-observador","status":"publish","type":"post","link":"https:\/\/www.europesays.com\/pt\/16321\/","title":{"rendered":"ChatGPT atinge 700 milh\u00f5es de utilizadores ativos semanais \u2013 Observador"},"content":{"rendered":"<p>O chatbot\u00a0da OpenAI, ChatGPT, vai atingir 700 milh\u00f5es de utilizadores ativos semanais esta semana, representando um crescimento anual de mais de quatro vezes, anunciou hoje a empresa.<\/p>\n<p>\u201cEsta semana, o ChatGPT est\u00e1 a caminho de atingir 700 milh\u00f5es de utilizadores ativos semanais, acima dos 500 milh\u00f5es (utilizadores ativos semanais) no final de mar\u00e7o e quatro vezes mais que no ano passado\u201d, escreveu Nick Turley, vice-presidente de produto do ChatGPT, na conta na rede social X.<\/p>\n<blockquote class=\"twitter-tweet\" data-width=\"500\" data-dnt=\"true\">\n<p lang=\"en\" dir=\"ltr\">This week, ChatGPT is on track to reach 700M weekly active users \u2014 up from 500M at the end of March and 4\u00d7 since last year. Every day, people and teams are learning, creating, and solving harder problems. Big week ahead. Grateful to the team for making ChatGPT more useful and\u2026<\/p>\n<p>\u2014 Nick Turley (@nickaturley) <a href=\"https:\/\/twitter.com\/nickaturley\/status\/1952385556664520875?ref_src=twsrc%5Etfw\" rel=\"nofollow noopener\" target=\"_blank\">August 4, 2025<\/a><\/p>\n<\/blockquote>\n<p>O respons\u00e1vel acrescentou que \u201c<strong>todos os dias, pessoas e equipas aprendem, criam e resolvem problemas mais complexos<\/strong>\u201c, deixando tamb\u00e9m um agradecimento \u00e0 equipa por \u201ctornar o ChatGPT mais \u00fatil e por cumprir a miss\u00e3o de permitir que todos beneficiem da IA [Intelig\u00eancia Artificial]\u201d.<\/p>\n<p>Este n\u00famero abrange todos os produtos de IA do ChatGPT (gr\u00e1tis, Plus, Pro, Enterprise, Team e Edu) e coincide com a ultrapassagem de tr\u00eas mil milh\u00f5es de mensagens di\u00e1rias de utilizadores, de acordo com a empresa.<\/p>\n<p>A empresa por tr\u00e1s do ChatGPT, liderada por Sam Altman, quase duplicou a receita nos primeiros sete meses do ano, atingindo 12 mil milh\u00f5es de d\u00f3lares (cerca de 10,4 mil milh\u00f5es de euros) em receita anual, segundo avan\u00e7ou o The Information na semana passada.<\/p>\n<p class=\"p1\"><b>[Horas depois do crime, a pol\u00edcia vai encontrar o assassino de Issam Sartawi, o dirigente palestiniano morto no \u00e1trio de um hotel de Albufeira. Mas, tamb\u00e9m vai descobrir que ele n\u00e3o \u00e9 quem diz ser. <\/b><a href=\"https:\/\/observador.pt\/programas\/1983-portugal-queima-roupa\/episodio-2-o-terrorista-do-quarto-507\/\" rel=\"nofollow noopener\" target=\"_blank\"><b>\u201c1983: Portugal \u00e0 Queima-Roupa\u201d<\/b><\/a><b>\u00a0\u00e9 a hist\u00f3ria do ano em que dois grupos terroristas internacionais atacaram em Portugal. Um comando paramilitar tomou de assalto uma embaixada em Lisboa e esta execu\u00e7\u00e3o sum\u00e1ria no Algarve abalou o M\u00e9dio Oriente. \u00c9 narrada pela atriz Victoria Guerra, com banda sonora original dos Linda Martini. Ou\u00e7a\u00a0<\/b><a href=\"https:\/\/observador.pt\/programas\/1983-portugal-queima-roupa\/episodio-2-o-terrorista-do-quarto-507\/\" target=\"_blank\" rel=\"noopener nofollow\"><b>o segundo\u00a0epis\u00f3dio no site do Observador<\/b><\/a><b>, na\u00a0<\/b><a href=\"https:\/\/podcasts.apple.com\/pt\/podcast\/epis%C3%B3dio-2-o-terrorista-do-quarto-507-1983-portugal\/id1826483822?i=1000719550087\" rel=\"nofollow noopener\" target=\"_blank\"><b>Apple Podcasts<\/b><\/a><b>, no\u00a0<\/b><a href=\"https:\/\/open.spotify.com\/episode\/6EXvMJfbfCkTXd4iGuJ5rC?si=0198393f78c54717\" rel=\"nofollow noopener\" target=\"_blank\"><b>Spotify<\/b><\/a><b>\u00a0e no\u00a0<\/b><a href=\"https:\/\/music.youtube.com\/watch?v=MY_EQS3lQVA&amp;si=PLztu9afRzUz4s_c\" rel=\"nofollow noopener\" target=\"_blank\"><b>Youtube Music<\/b><\/a><b>. E ou\u00e7a o primeiro\u00a0<a href=\"https:\/\/observador.pt\/programas\/1983-portugal-queima-roupa\/estreia-1983-portugal-a-queima-roupa-episodio-1-um-corpo-no-lobby-do-hotel\/\" rel=\"nofollow noopener\" target=\"_blank\">aqui<\/a>]<\/b><\/p>\n<p><a href=\"https:\/\/observador.pt\/programas\/1983-portugal-queima-roupa\/episodio-2-o-terrorista-do-quarto-507\/\" rel=\"nofollow noopener\" target=\"_blank\"><\/p>\n<p>        <img src=\"https:\/\/www.europesays.com\/pt\/wp-content\/uploads\/2025\/08\/1754346788_524_1983-capa-com-playjpg.jpeg\" alt=\"\" loading=\"lazy\" decoding=\"async\" class=\"alignnone\" onload=\"this.parentElement.classList.remove('spinner')\" onerror=\"this.parentElement.classList.remove('spinner')\" width=\"770\" height=\"433\"\/>    <\/p>\n<p><\/a><\/p>\n<p>            <script async src=\"https:\/\/platform.twitter.com\/widgets.js\" charset=\"utf-8\"><\/script><\/p>\n","protected":false},"excerpt":{"rendered":"O chatbot\u00a0da OpenAI, ChatGPT, vai atingir 700 milh\u00f5es de utilizadores ativos semanais esta semana, representando um crescimento anual&hellip;\n","protected":false},"author":2,"featured_media":16322,"comment_status":"","ping_status":"","sticky":false,"template":"","format":"standard","meta":{"footnotes":""},"categories":[84],"tags":[109,107,108,476,90,644,32,33,105,103,104,106,110],"class_list":{"0":"post-16321","1":"post","2":"type-post","3":"status-publish","4":"format-standard","5":"has-post-thumbnail","7":"category-ciencia-e-tecnologia","8":"tag-ciencia","9":"tag-ciencia-e-tecnologia","10":"tag-cienciaetecnologia","11":"tag-economia","12":"tag-empresas","13":"tag-inteligu00eancia-artificial","14":"tag-portugal","15":"tag-pt","16":"tag-science","17":"tag-science-and-technology","18":"tag-scienceandtechnology","19":"tag-technology","20":"tag-tecnologia"},"share_on_mastodon":{"url":"","error":""},"_links":{"self":[{"href":"https:\/\/www.europesays.com\/pt\/wp-json\/wp\/v2\/posts\/16321","targetHints":{"allow":["GET"]}}],"collection":[{"href":"https:\/\/www.europesays.com\/pt\/wp-json\/wp\/v2\/posts"}],"about":[{"href":"https:\/\/www.europesays.com\/pt\/wp-json\/wp\/v2\/types\/post"}],"author":[{"embeddable":true,"href":"https:\/\/www.europesays.com\/pt\/wp-json\/wp\/v2\/users\/2"}],"replies":[{"embeddable":true,"href":"https:\/\/www.europesays.com\/pt\/wp-json\/wp\/v2\/comments?post=16321"}],"version-history":[{"count":0,"href":"https:\/\/www.europesays.com\/pt\/wp-json\/wp\/v2\/posts\/16321\/revisions"}],"wp:featuredmedia":[{"embeddable":true,"href":"https:\/\/www.europesays.com\/pt\/wp-json\/wp\/v2\/media\/16322"}],"wp:attachment":[{"href":"https:\/\/www.europesays.com\/pt\/wp-json\/wp\/v2\/media?parent=16321"}],"wp:term":[{"taxonomy":"category","embeddable":true,"href":"https:\/\/www.europesays.com\/pt\/wp-json\/wp\/v2\/categories?post=16321"},{"taxonomy":"post_tag","embeddable":true,"href":"https:\/\/www.europesays.com\/pt\/wp-json\/wp\/v2\/tags?post=16321"}],"curies":[{"name":"wp","href":"https:\/\/api.w.org\/{rel}","templated":true}]}}