{"id":163212,"date":"2025-11-24T10:55:13","date_gmt":"2025-11-24T10:55:13","guid":{"rendered":"https:\/\/www.europesays.com\/pt\/163212\/"},"modified":"2025-11-24T10:55:13","modified_gmt":"2025-11-24T10:55:13","slug":"abuso-de-poder-sindicato-acusa-uls-sao-joao-de-obrigar-medicos-a-fornecer-dados-biometricos","status":"publish","type":"post","link":"https:\/\/www.europesays.com\/pt\/163212\/","title":{"rendered":"&#8220;Abuso de poder&#8221;. Sindicato acusa ULS S\u00e3o Jo\u00e3o de &#8220;obrigar&#8221; m\u00e9dicos a fornecer dados biom\u00e9tricos"},"content":{"rendered":"<p>                O Sindicato dos M\u00e9dicos do Norte (SMN) denunciou esta segunda-feira, em comunicado, a decis\u00e3o da ULS S. Jo\u00e3o, no Porto, de \u201cimpor a recolha de dados biom\u00e9tricos\u201d a m\u00e9dicos que l\u00e1 prestam fun\u00e7\u00f5es no \u00e2mbito da Urg\u00eancia Metropolitana, apesar de n\u00e3o integrarem o seu quadro.<\/p>\n<p><b>\u201cA tentativa de obrigar estes profissionais a fornecer dados biom\u00e9tricos \u2014 um dos meios mais intrusivos de controlo \u2014 \u00e9 ilegal, desproporcionada e ofensiva para a dignidade dos m\u00e9dicos\u201d<\/b>, vinca o sindicato.O SMN considera, no comunicado, que este \u00e9 \u201cum ato de autoridade gratuito, sem base legal, e que ignora princ\u00edpios essenciais de prote\u00e7\u00e3o de dados e de respeito pelo exerc\u00edcio profissional\u201d.<\/p>\n<p>Os m\u00e9dicos referem ainda que \u201ca recolha de dados biom\u00e9tricos a m\u00e9dicos sem v\u00ednculo \u00e0 ULS S. Jo\u00e3o <b>viola o RGPD e o C\u00f3digo do Trabalho, constituindo um abuso de poder<\/b> e uma intrus\u00e3o injustificada na esfera pessoal dos profissionais\u201d.<\/p>\n<p>\u201cExistem meios simples e adequados de registo de assiduidade \u2014 como o registo em folha de ponto \u2014 que tornam esta imposi\u00e7\u00e3o n\u00e3o apenas injustificada, mas completamente ileg\u00edtima\u201d, explica.<\/p>\n<p>Perante esta situa\u00e7\u00e3o, o SMN exige que a medida seja abolida de imediato, \u201ccessando-se pr\u00e1ticas ilegais e desrespeitosas para com m\u00e9dicos que ali se encontram a trabalhar por determina\u00e7\u00e3o da sua entidade empregadora e ao servi\u00e7o da popula\u00e7\u00e3o\u201d.<\/p>\n<p>\u201cO SMN defende que <b>a assiduidade deve ser baseada no cumprimento de objetivos assistenciais e n\u00e3o assistenciais, e n\u00e3o em sistemas de controlo de hor\u00e1rio presencial<\/b>. Qualquer utiliza\u00e7\u00e3o de dados biom\u00e9tricos s\u00f3 poder\u00e1 ocorrer de forma volunt\u00e1ria, mediante consentimento livre e informado, e o registo em folha de ponto deve manter-se dispon\u00edvel sem exce\u00e7\u00f5es, tal como sempre aconteceu\u201d.<\/p>\n<p>O SMN reafirma que n\u00e3o permitir\u00e1 retrocessos na prote\u00e7\u00e3o dos direitos dos m\u00e9dicos e responsabiliza a ULS S. Jo\u00e3o por qualquer persist\u00eancia em pr\u00e1ticas ilegais ou atentat\u00f3rias da dignidade profissional.<br \/>&#13;\n            <\/p>\n","protected":false},"excerpt":{"rendered":"O Sindicato dos M\u00e9dicos do Norte (SMN) denunciou esta segunda-feira, em comunicado, a decis\u00e3o da ULS S. Jo\u00e3o,&hellip;\n","protected":false},"author":2,"featured_media":163213,"comment_status":"","ping_status":"","sticky":false,"template":"","format":"standard","meta":{"footnotes":""},"categories":[10],"tags":[27,28,8651,15,16,14,25,26,21,22,12,13,19,20,462,32,23,24,33,34590,29523,17,18,34591,29,30,31],"class_list":{"0":"post-163212","1":"post","2":"type-post","3":"status-publish","4":"format-standard","5":"has-post-thumbnail","7":"category-portugal","8":"tag-breaking-news","9":"tag-breakingnews","10":"tag-dados-biometricos","11":"tag-featured-news","12":"tag-featurednews","13":"tag-headlines","14":"tag-latest-news","15":"tag-latestnews","16":"tag-main-news","17":"tag-mainnews","18":"tag-news","19":"tag-noticias","20":"tag-noticias-principais","21":"tag-noticiasprincipais","22":"tag-porto","23":"tag-portugal","24":"tag-principais-noticias","25":"tag-principaisnoticias","26":"tag-pt","27":"tag-sindicato-dos-medicos-do-norte","28":"tag-smn","29":"tag-top-stories","30":"tag-topstories","31":"tag-uls-s-joao","32":"tag-ultimas","33":"tag-ultimas-noticias","34":"tag-ultimasnoticias"},"share_on_mastodon":{"url":"https:\/\/pubeurope.com\/@pt\/115604312904953165","error":""},"_links":{"self":[{"href":"https:\/\/www.europesays.com\/pt\/wp-json\/wp\/v2\/posts\/163212","targetHints":{"allow":["GET"]}}],"collection":[{"href":"https:\/\/www.europesays.com\/pt\/wp-json\/wp\/v2\/posts"}],"about":[{"href":"https:\/\/www.europesays.com\/pt\/wp-json\/wp\/v2\/types\/post"}],"author":[{"embeddable":true,"href":"https:\/\/www.europesays.com\/pt\/wp-json\/wp\/v2\/users\/2"}],"replies":[{"embeddable":true,"href":"https:\/\/www.europesays.com\/pt\/wp-json\/wp\/v2\/comments?post=163212"}],"version-history":[{"count":0,"href":"https:\/\/www.europesays.com\/pt\/wp-json\/wp\/v2\/posts\/163212\/revisions"}],"wp:featuredmedia":[{"embeddable":true,"href":"https:\/\/www.europesays.com\/pt\/wp-json\/wp\/v2\/media\/163213"}],"wp:attachment":[{"href":"https:\/\/www.europesays.com\/pt\/wp-json\/wp\/v2\/media?parent=163212"}],"wp:term":[{"taxonomy":"category","embeddable":true,"href":"https:\/\/www.europesays.com\/pt\/wp-json\/wp\/v2\/categories?post=163212"},{"taxonomy":"post_tag","embeddable":true,"href":"https:\/\/www.europesays.com\/pt\/wp-json\/wp\/v2\/tags?post=163212"}],"curies":[{"name":"wp","href":"https:\/\/api.w.org\/{rel}","templated":true}]}}