{"id":163215,"date":"2025-11-24T10:57:16","date_gmt":"2025-11-24T10:57:16","guid":{"rendered":"https:\/\/www.europesays.com\/pt\/163215\/"},"modified":"2025-11-24T10:57:16","modified_gmt":"2025-11-24T10:57:16","slug":"ana-maria-braga-escolhe-biquini-branco-para-curtir-dia-de-praia-com-o-marido-veja-fotos","status":"publish","type":"post","link":"https:\/\/www.europesays.com\/pt\/163215\/","title":{"rendered":"Ana Maria Braga escolhe biqu\u00edni branco para curtir dia de praia com o marido; veja fotos"},"content":{"rendered":"<p>A apresentadora\u00a0<a href=\"https:\/\/caras.com.br\/tags\/ana-maria-braga\" target=\"_blank\" rel=\"noopener nofollow\" data-mrf-link=\"https:\/\/caras.com.br\/tags\/ana-maria-braga\"><strong>Ana Maria Braga<\/strong><\/a> usou as redes sociais neste domingo, 23, para compartilhar<a href=\"https:\/\/caras.com.br\/bem-estar\/medico-sobre-diagnostico-que-atingiu-ana-maria-braga-os-sintomas-mais-frequentes-sao.phtml\" rel=\"nofollow noopener\" target=\"_blank\"> registros de<\/a> seu fim de semana. Na publica\u00e7\u00e3o, ela mostrou que aproveitou a folga na praia na companhia do marido, o jornalista <strong>F\u00e1bio Arruda.<\/strong><\/p>\n<p>Nas imagens compartilhadas, a apresentadora aparece de biqu\u00edni branco enquanto l\u00ea um livro e se refresca no mar. Ela e o marido viajaram para o litoral logo ap\u00f3s o fim do Mais Voc\u00ea na sexta-feira, 21, e tamb\u00e9m posaram juntinhos durante o passeio.<\/p>\n<p>\u201cPor aqui, um final de semana maravilhoso! Desejando uma linda, e aben\u00e7oada semana pra voc\u00eas. Se cuidem meus amores!\u201d, escreveu a artista na legenda da publica\u00e7\u00e3o.<\/p>\n<p>Nos coment\u00e1rios, os f\u00e3s deixaram elogios. \u201cQue del\u00edcia! Semana incr\u00edvel para voc\u00ea tamb\u00e9m\u201d, desejou uma. \u201cMulher \u201cPlena\u201d. Inspira\u00e7\u00e3o pra todas n\u00f3s mulheres brasileiras\u201d, falou outra. \u201cMaravilhosa\u201d, escreveu uma terceira pessoa.<\/p>\n<p>\t Veja as fotos: <img loading=\"lazy\" decoding=\"async\" class=\"size-full wp-image-1035050 img-fluid lazy\" alt=\"Ana Maria curte fim de semana na praia \u2014 Foto: Reprodu\u00e7\u00e3o\/Instagram @anamariabragaoficial\" width=\"1080\" height=\"1440\" src=\"https:\/\/www.europesays.com\/pt\/wp-content\/uploads\/2025\/11\/588563095_18547224535034981_3612127449937506738_n.jpg\"  \/>Ana Maria curte fim de semana na praia \u2014 Foto: Reprodu\u00e7\u00e3o\/Instagram @anamariabragaoficial <img loading=\"lazy\" decoding=\"async\" class=\"size-full wp-image-1035051 img-fluid lazy\" alt=\"Ana Maria curte fim de semana na praia \u2014 Foto: Reprodu\u00e7\u00e3o\/Instagram @anamariabragaoficial\" width=\"1080\" height=\"1440\" src=\"https:\/\/www.europesays.com\/pt\/wp-content\/uploads\/2025\/11\/584400139_18547224571034981_733391661552051736_n.jpg\"  \/>Ana Maria curte fim de semana na praia \u2014 Foto: Reprodu\u00e7\u00e3o\/Instagram @anamariabragaoficial <img loading=\"lazy\" decoding=\"async\" class=\"size-full wp-image-1035052 img-fluid lazy\" alt=\"Ana Maria curte fim de semana na praia \u2014 Foto: Reprodu\u00e7\u00e3o\/Instagram @anamariabragaoficial\" width=\"1080\" height=\"1440\" src=\"https:\/\/www.europesays.com\/pt\/wp-content\/uploads\/2025\/11\/584316617_18547224562034981_6181659806129531668_n.jpg\"  \/>Ana Maria curte fim de semana na praia \u2014 Foto: Reprodu\u00e7\u00e3o\/Instagram @anamariabragaoficial <img loading=\"lazy\" decoding=\"async\" class=\"size-full wp-image-1035053 img-fluid lazy\" alt=\"Ana Maria curte fim de semana na praia \u2014 Foto: Reprodu\u00e7\u00e3o\/Instagram @anamariabragaoficial\" width=\"1080\" height=\"1440\" src=\"https:\/\/www.europesays.com\/pt\/wp-content\/uploads\/2025\/11\/584402229_18547224553034981_3636495709813131021_n.jpg\"  \/>Ana Maria curte fim de semana na praia \u2014 Foto: Reprodu\u00e7\u00e3o\/Instagram @anamariabragaoficial <img loading=\"lazy\" decoding=\"async\" class=\"size-full wp-image-1035054 img-fluid lazy\" alt=\"Ana Maria curte fim de semana na praia \u2014 Foto: Reprodu\u00e7\u00e3o\/Instagram @anamariabragaoficial\" width=\"1080\" height=\"1440\" src=\"https:\/\/www.europesays.com\/pt\/wp-content\/uploads\/2025\/11\/588585355_18547224544034981_2969370032697960952_n.jpg\"  \/>Ana Maria curte fim de semana na praia \u2014 Foto: Reprodu\u00e7\u00e3o\/Instagram @anamariabragaoficial Declara\u00e7\u00e3o de Ana Maria Braga para o marido   <\/p>\n<p>\u201cS\u00e1bado foi dia de comemorar a vida desse presente que Deus me deu. Parab\u00e9ns, F\u00e1bio, que o mundo continue sempre a sorrir para voc\u00ea. Te amo!\u201d, declarou a apresentadora do programa\u00a0Mais Voc\u00ea.<\/p>\n<p>Vale lembrar que Ana Maria Braga e F\u00e1bio Arruda est\u00e3o juntos desde 2022. Os dois oficializaram a uni\u00e3o em abril deste ano.<\/p>\n<p><strong>Leia tamb\u00e9m:<\/strong>\u00a0<a href=\"https:\/\/caras.com.br\/tv\/ana-maria-braga-some-de-programa-ao-vivo-e-se-explica-na-verdade.phtml\" target=\"_blank\" rel=\"noopener nofollow\">Ana Maria Braga \u2018some\u2019 de programa ao vivo e se explica: \u2018Na verdade\u2026\u2019<\/a><\/p>\n<blockquote class=\"instagram-media\" style=\"background: #FFF; border: 0; border-radius: 3px; box-shadow: 0 0 1px 0 rgba(0,0,0,0.5),0 1px 10px 0 rgba(0,0,0,0.15); margin: 1px; max-width: 540px; min-width: 326px; padding: 0; width: calc(100% - 2px);\" data-instgrm-captioned=\"\" data-instgrm-permalink=\"https:\/\/www.instagram.com\/p\/DQXgGQrCTI7\/?utm_source=ig_embed&amp;utm_campaign=loading\" data-instgrm-version=\"14\"><\/blockquote>\n<p>        <a href=\"https:\/\/caras.com.br\/autor\/juliana-dracz\" rel=\"nofollow noopener\" target=\"_blank\">&#13;<br \/>\n          <img loading=\"lazy\" decoding=\"async\" alt=\"Juliana Dracz\" src=\"https:\/\/www.europesays.com\/pt\/wp-content\/uploads\/2025\/09\/436551461_2434711450057729_5105646040807821088_n_sqmd.png\" class=\"avatar avatar-115 photo rounded-circle\" height=\"115\" width=\"115\"\/>        <\/a><\/p>\n<p>Juliana Dracz \u00e9 rep\u00f3rter de conte\u00fado do site CARAS. Formada em Jornalismo pela Universidade Cat\u00f3lica de Bras\u00edlia, ela j\u00e1 trabalhou em grandes sites de entretenimento. Atualmente, escreve sobre novelas, celebridades e TV.<\/p>\n<p>\t                                            <script async src=\"\/\/www.instagram.com\/embed.js\"><\/script><\/p>\n","protected":false},"excerpt":{"rendered":"A apresentadora\u00a0Ana Maria Braga usou as redes sociais neste domingo, 23, para compartilhar registros de seu fim de&hellip;\n","protected":false},"author":2,"featured_media":163216,"comment_status":"","ping_status":"","sticky":false,"template":"","format":"standard","meta":{"footnotes":""},"categories":[145],"tags":[752,211,210,114,115,32,33],"class_list":{"0":"post-163215","1":"post","2":"type-post","3":"status-publish","4":"format-standard","5":"has-post-thumbnail","7":"category-celebridades","8":"tag-ana-maria-braga","9":"tag-celebridades","10":"tag-celebrities","11":"tag-entertainment","12":"tag-entretenimento","13":"tag-portugal","14":"tag-pt"},"share_on_mastodon":{"url":"https:\/\/pubeurope.com\/@pt\/115604321247860142","error":""},"_links":{"self":[{"href":"https:\/\/www.europesays.com\/pt\/wp-json\/wp\/v2\/posts\/163215","targetHints":{"allow":["GET"]}}],"collection":[{"href":"https:\/\/www.europesays.com\/pt\/wp-json\/wp\/v2\/posts"}],"about":[{"href":"https:\/\/www.europesays.com\/pt\/wp-json\/wp\/v2\/types\/post"}],"author":[{"embeddable":true,"href":"https:\/\/www.europesays.com\/pt\/wp-json\/wp\/v2\/users\/2"}],"replies":[{"embeddable":true,"href":"https:\/\/www.europesays.com\/pt\/wp-json\/wp\/v2\/comments?post=163215"}],"version-history":[{"count":0,"href":"https:\/\/www.europesays.com\/pt\/wp-json\/wp\/v2\/posts\/163215\/revisions"}],"wp:featuredmedia":[{"embeddable":true,"href":"https:\/\/www.europesays.com\/pt\/wp-json\/wp\/v2\/media\/163216"}],"wp:attachment":[{"href":"https:\/\/www.europesays.com\/pt\/wp-json\/wp\/v2\/media?parent=163215"}],"wp:term":[{"taxonomy":"category","embeddable":true,"href":"https:\/\/www.europesays.com\/pt\/wp-json\/wp\/v2\/categories?post=163215"},{"taxonomy":"post_tag","embeddable":true,"href":"https:\/\/www.europesays.com\/pt\/wp-json\/wp\/v2\/tags?post=163215"}],"curies":[{"name":"wp","href":"https:\/\/api.w.org\/{rel}","templated":true}]}}