{"id":163223,"date":"2025-11-24T11:04:30","date_gmt":"2025-11-24T11:04:30","guid":{"rendered":"https:\/\/www.europesays.com\/pt\/163223\/"},"modified":"2025-11-24T11:04:30","modified_gmt":"2025-11-24T11:04:30","slug":"pacientes-com-problemas-oculares-apos-uso-de-ozempic-e-wegovy-recebem-indenizacao","status":"publish","type":"post","link":"https:\/\/www.europesays.com\/pt\/163223\/","title":{"rendered":"Pacientes com problemas oculares ap\u00f3s uso de Ozempic e Wegovy recebem indeniza\u00e7\u00e3o"},"content":{"rendered":"<p>A rela\u00e7\u00e3o entre alimenta\u00e7\u00e3o e emo\u00e7\u00f5es tem sido foco de aten\u00e7\u00e3o crescente nas pesquisas cient\u00edficas, particularmente no tratamento de condi\u00e7\u00f5es como obesidade e diabetes tipo 2. A conex\u00e3o entre o que se come, como se sente e como isso afeta terapias m\u00e9dicas \u00e9 uma janela para tratamentos mais eficazes. Estudos conduzidos no Jap\u00e3o trazem novas compreens\u00f5es sobre o tema, ao explorar como medicamentos populares, como Ozempic e Wegovy, que s\u00e3o agonistas do receptor de GLP-1, interagem com padr\u00f5es alimentares individuais e suas motiva\u00e7\u00f5es emocionais.<\/p>\n<p>A pesquisa, publicada na revista\u00a0Frontiers in Clinical Diabetes and Healthcare, acompanhou 92 pacientes ao longo de um ano, buscando compreender o impacto de subst\u00e2ncias como semaglutida e liraglutida na sa\u00fade de indiv\u00edduos com diabetes tipo 2. Ao longo do estudo, foram monitorados par\u00e2metros como peso, dieta, n\u00edveis de glicose e colesterol, mas tamb\u00e9m foram investigados fatores emocionais e est\u00edmulos externos que afetam o comportamento alimentar.<\/p>\n<p>Como as emo\u00e7\u00f5es afetam a efic\u00e1cia de medicamentos para diabetes?<\/p>\n<p>Um dos focos do estudo japon\u00eas foi compreender como as emo\u00e7\u00f5es influenciam a resposta ao tratamento com GLP-1. Os pacientes foram divididos em categorias baseadas em seus h\u00e1bitos alimentares: alimenta\u00e7\u00e3o emocional (influenciado pelo estresse), alimenta\u00e7\u00e3o externa (est\u00edmulos visuais ou olfativos), e alimenta\u00e7\u00e3o comedida (controle rigoroso da dieta). Os resultados indicaram que a efic\u00e1cia dos medicamentos foi menor em pacientes que apresentavam padr\u00f5es de alimenta\u00e7\u00e3o emocional. Mesmo quando esses pacientes inicialmente conseguiam controlar suas tend\u00eancias emocionais, com o tempo, essas influ\u00eancias voltavam a surgir, afetando os resultados do tratamento.<\/p>\n<p>Qual o papel dos agonistas do receptor de GLP-1?<\/p>\n<p>Os agonistas do receptor de GLP-1, como <a href=\"https:\/\/terrabrasilnoticias.com\/2025\/06\/ozempic-e-risco-a-visao-anvisa-emite-alerta-preocupante-entenda-os-riscos\/\" target=\"_blank\" rel=\"noreferrer noopener nofollow\">Ozempic<\/a> e Wegovy, s\u00e3o conhecidos por estimularem o aumento da insulina e ajudarem no controle da glicose no corpo. Al\u00e9m disso, t\u00eam um papel crucial na redu\u00e7\u00e3o da fome fisiol\u00f3gica. No entanto, a pesquisa revelou que para muitos pacientes, as emo\u00e7\u00f5es podem neutralizar os efeitos desses medicamentos, uma vez que a necessidade de comer pode ser impulsionada por fatores emocionais em vez de fisiol\u00f3gicos. Esse insight \u00e9 importante para o desenvolvimento de terapias mais abrangentes e personalizadas.<\/p>\n<p>Import\u00e2ncia dos padr\u00f5es alimentares no tratamento de diabetes e obesidade<\/p>\n<p>Entender como padr\u00f5es alimentares impactam o tratamento de condi\u00e7\u00f5es como a diabetes tipo 2 \u00e9 essencial para interven\u00e7\u00f5es mais efetivas. Considerar as emo\u00e7\u00f5es associadas \u00e0 alimenta\u00e7\u00e3o permite que m\u00e9dicos individualizem tratamentos e, talvez, aumentem as chances de sucesso. Este tipo de abordagem pode levar a estrat\u00e9gias mais refinadas, onde aspectos emocionais s\u00e3o considerados na cria\u00e7\u00e3o de planos de tratamento. Ampliar a amostragem e continuar as investiga\u00e7\u00f5es podem firmar esses achados e transformar a pr\u00e1tica m\u00e9dica.<\/p>\n<p>A intersec\u00e7\u00e3o entre alimenta\u00e7\u00e3o e emo\u00e7\u00f5es sugere que a abordagem do tratamento para diabetes tipo 2 precisa de uma vis\u00e3o mais hol\u00edstica. Essa abordagem ajuda a melhorar n\u00e3o apenas a sa\u00fade f\u00edsica, mas tamb\u00e9m o bem-estar emocional dos pacientes, aumentando a qualidade de vida. Terapeutas e m\u00e9dicos t\u00eam agora insights renovados sobre como emo\u00e7\u00f5es e alimenta\u00e7\u00e3o est\u00e3o interligadas na gest\u00e3o dessas condi\u00e7\u00f5es de sa\u00fade.<\/p>\n<p>FAQs sobre a rela\u00e7\u00e3o entre alimenta\u00e7\u00e3o, emo\u00e7\u00f5es e tratamentos para diabetes<\/p>\n<ul class=\"wp-block-list\">\n<li><strong>Como emo\u00e7\u00f5es podem afetar a alimenta\u00e7\u00e3o de um indiv\u00edduo?<\/strong><br \/>As emo\u00e7\u00f5es influenciam diretamente o comportamento alimentar. Sentimentos como estresse, ansiedade ou alegria podem levar uma pessoa a comer mais ou a optar por alimentos n\u00e3o saud\u00e1veis, afetando negativamente a sa\u00fade.<\/li>\n<li><strong>Os agonistas de GLP-1 s\u00e3o eficazes para todos os pacientes?<\/strong><br \/>Embora eficazes para muitos, os agonistas de GLP-1 podem ter sua efic\u00e1cia reduzida em pacientes cuja alimenta\u00e7\u00e3o \u00e9 fortemente influenciada por emo\u00e7\u00f5es. Portanto, estrat\u00e9gias personalizadas que levam em considera\u00e7\u00e3o esses fatores emocionais podem ser necess\u00e1rias.<\/li>\n<li><strong>Quais outros fatores podem influenciar a efic\u00e1cia dos tratamentos com GLP-1?<\/strong><br \/>Al\u00e9m das emo\u00e7\u00f5es, fatores como o estilo de vida, ades\u00e3o ao tratamento, e alimenta\u00e7\u00e3o saud\u00e1vel s\u00e3o cruciais para o sucesso dos tratamentos com GLP-1.<\/li>\n<li><strong>Existe diferen\u00e7a entre alimenta\u00e7\u00e3o emocional e externa?<\/strong><br \/>A alimenta\u00e7\u00e3o emocional \u00e9 motivada por sentimentos internos, enquanto a alimenta\u00e7\u00e3o externa \u00e9 impulsionada por est\u00edmulos externos como cheiros e vis\u00e3o de alimentos.<\/li>\n<li><strong>Por que \u00e9 importante personalizar tratamentos para diabetes?<\/strong><br \/>A personaliza\u00e7\u00e3o dos tratamentos leva em conta as vari\u00e1veis individuais de cada paciente, como seu perfil emocional, garantindo uma abordagem mais eficaz e assertiva na melhoria de sua sa\u00fade.<\/li>\n<\/ul>\n","protected":false},"excerpt":{"rendered":"A rela\u00e7\u00e3o entre alimenta\u00e7\u00e3o e emo\u00e7\u00f5es tem sido foco de aten\u00e7\u00e3o crescente nas pesquisas cient\u00edficas, particularmente no tratamento&hellip;\n","protected":false},"author":2,"featured_media":163224,"comment_status":"","ping_status":"","sticky":false,"template":"","format":"standard","meta":{"footnotes":""},"categories":[86],"tags":[116,603,1025,32,33,117,3008],"class_list":{"0":"post-163223","1":"post","2":"type-post","3":"status-publish","4":"format-standard","5":"has-post-thumbnail","7":"category-saude","8":"tag-health","9":"tag-justica","10":"tag-ozempic","11":"tag-portugal","12":"tag-pt","13":"tag-saude","14":"tag-wegovy"},"share_on_mastodon":{"url":"https:\/\/pubeurope.com\/@pt\/115604348176095136","error":""},"_links":{"self":[{"href":"https:\/\/www.europesays.com\/pt\/wp-json\/wp\/v2\/posts\/163223","targetHints":{"allow":["GET"]}}],"collection":[{"href":"https:\/\/www.europesays.com\/pt\/wp-json\/wp\/v2\/posts"}],"about":[{"href":"https:\/\/www.europesays.com\/pt\/wp-json\/wp\/v2\/types\/post"}],"author":[{"embeddable":true,"href":"https:\/\/www.europesays.com\/pt\/wp-json\/wp\/v2\/users\/2"}],"replies":[{"embeddable":true,"href":"https:\/\/www.europesays.com\/pt\/wp-json\/wp\/v2\/comments?post=163223"}],"version-history":[{"count":0,"href":"https:\/\/www.europesays.com\/pt\/wp-json\/wp\/v2\/posts\/163223\/revisions"}],"wp:featuredmedia":[{"embeddable":true,"href":"https:\/\/www.europesays.com\/pt\/wp-json\/wp\/v2\/media\/163224"}],"wp:attachment":[{"href":"https:\/\/www.europesays.com\/pt\/wp-json\/wp\/v2\/media?parent=163223"}],"wp:term":[{"taxonomy":"category","embeddable":true,"href":"https:\/\/www.europesays.com\/pt\/wp-json\/wp\/v2\/categories?post=163223"},{"taxonomy":"post_tag","embeddable":true,"href":"https:\/\/www.europesays.com\/pt\/wp-json\/wp\/v2\/tags?post=163223"}],"curies":[{"name":"wp","href":"https:\/\/api.w.org\/{rel}","templated":true}]}}