{"id":163234,"date":"2025-11-24T11:14:12","date_gmt":"2025-11-24T11:14:12","guid":{"rendered":"https:\/\/www.europesays.com\/pt\/163234\/"},"modified":"2025-11-24T11:14:12","modified_gmt":"2025-11-24T11:14:12","slug":"secret-story-bruno-de-carvalho-responde-a-dylan-levaste-quatro-galhetas","status":"publish","type":"post","link":"https:\/\/www.europesays.com\/pt\/163234\/","title":{"rendered":"Secret Story&#8221;. Bruno de Carvalho responde a Dylan: &#8220;Levaste quatro galhetas"},"content":{"rendered":"<p>Dylan Fonte criticou <a href=\"https:\/\/selfie.iol.pt\/famosos\/bruno-de-carvalho\/e-esta-bruno-de-carvalho-e-sobrinho-neto-de-antigo-primeiro-ministro-era-o-maior\/20251120\/691f396bd34e2bd5c6d43801\" target=\"_blank\" rel=\"nofollow noopener\">Bruno de Carvalho<\/a>, recentemente, na casa do &#8220;Secret Story&#8221;, da TVI, e o DJ j\u00e1 se manifestou, nas redes sociais.<\/p>\n<p>&#8220;J\u00e1 percebi que falou. Caro Dylan e fam\u00edlia: a mim ofereceram-me quatro estalos, de longe, e n\u00e3o deram. Tu levaste quatro galhetas&#8221;, come\u00e7ou por escrever o antigo presidente do Sporting, no Instagram.<\/p>\n<p>&#8220;Os meus pais n\u00e3o s\u00e3o ricos, mas eu tenho dinheiro. J\u00e1 tu, s\u00f3 tens pais ricos&#8221;, continuou.<\/p>\n<p>&#8220;A tua falta de educa\u00e7\u00e3o \u00e9 culpa dos teus pais at\u00e9 aos 18 anos, e tua a partir da\u00ed. N\u00e3o fales de homens, pois deverias falar da \u00fanica coisa que conheces, crian\u00e7as insolentes&#8221;, rematou Bruno de Carvalho.<\/p>\n<p>Veja, agora, a publica\u00e7\u00e3o.<\/p>\n<p style=\"text-align:center\"><img loading=\"lazy\" decoding=\"async\" alt=\"\" height=\"545\" src=\"https:\/\/www.europesays.com\/pt\/wp-content\/uploads\/2025\/11\/692416dcd34e2bd5c6d45507.webp\" width=\"299\"\/><\/p>\n<p>\u00a0<\/p>\n","protected":false},"excerpt":{"rendered":"Dylan Fonte criticou Bruno de Carvalho, recentemente, na casa do &#8220;Secret Story&#8221;, da TVI, e o DJ j\u00e1&hellip;\n","protected":false},"author":2,"featured_media":163235,"comment_status":"","ping_status":"","sticky":false,"template":"","format":"standard","meta":{"footnotes":""},"categories":[142],"tags":[48,341,19105,114,115,980,1015,619,32,33,1014,548,1315,1012,34,151,162],"class_list":{"0":"post-163234","1":"post","2":"type-post","3":"status-publish","4":"format-standard","5":"has-post-thumbnail","7":"category-tv","8":"tag-big-brother","9":"tag-bruno-de-carvalho","10":"tag-dylan","11":"tag-entertainment","12":"tag-entretenimento","13":"tag-famosos","14":"tag-instagram","15":"tag-nacional","16":"tag-portugal","17":"tag-pt","18":"tag-reality-show","19":"tag-redes-sociais","20":"tag-secret-story","21":"tag-selfie","22":"tag-sporting","23":"tag-tv","24":"tag-tvi"},"share_on_mastodon":{"url":"https:\/\/pubeurope.com\/@pt\/115604388031662284","error":""},"_links":{"self":[{"href":"https:\/\/www.europesays.com\/pt\/wp-json\/wp\/v2\/posts\/163234","targetHints":{"allow":["GET"]}}],"collection":[{"href":"https:\/\/www.europesays.com\/pt\/wp-json\/wp\/v2\/posts"}],"about":[{"href":"https:\/\/www.europesays.com\/pt\/wp-json\/wp\/v2\/types\/post"}],"author":[{"embeddable":true,"href":"https:\/\/www.europesays.com\/pt\/wp-json\/wp\/v2\/users\/2"}],"replies":[{"embeddable":true,"href":"https:\/\/www.europesays.com\/pt\/wp-json\/wp\/v2\/comments?post=163234"}],"version-history":[{"count":0,"href":"https:\/\/www.europesays.com\/pt\/wp-json\/wp\/v2\/posts\/163234\/revisions"}],"wp:featuredmedia":[{"embeddable":true,"href":"https:\/\/www.europesays.com\/pt\/wp-json\/wp\/v2\/media\/163235"}],"wp:attachment":[{"href":"https:\/\/www.europesays.com\/pt\/wp-json\/wp\/v2\/media?parent=163234"}],"wp:term":[{"taxonomy":"category","embeddable":true,"href":"https:\/\/www.europesays.com\/pt\/wp-json\/wp\/v2\/categories?post=163234"},{"taxonomy":"post_tag","embeddable":true,"href":"https:\/\/www.europesays.com\/pt\/wp-json\/wp\/v2\/tags?post=163234"}],"curies":[{"name":"wp","href":"https:\/\/api.w.org\/{rel}","templated":true}]}}