{"id":163242,"date":"2025-11-24T11:22:13","date_gmt":"2025-11-24T11:22:13","guid":{"rendered":"https:\/\/www.europesays.com\/pt\/163242\/"},"modified":"2025-11-24T11:22:13","modified_gmt":"2025-11-24T11:22:13","slug":"filmada-reacao-de-padrasto-de-crianca-morta-durante-discussao-de-transito","status":"publish","type":"post","link":"https:\/\/www.europesays.com\/pt\/163242\/","title":{"rendered":"Filmada rea\u00e7\u00e3o de padrasto de crian\u00e7a morta durante discuss\u00e3o de tr\u00e2nsito"},"content":{"rendered":"<p>Este \u00e9 o momento em que um homem grita em desespero depois de o seu enteado, de 11 anos, ter sido alvejado a caminho da escola.<\/p>\n<p>Tudo aconteceu, na sexta-feira, quando Valente Ayala levava Brandon Dominguez-Chavarria para a escola de carro.<\/p>\n<p>O homem envolveu-se numa alterca\u00e7\u00e3o com outro condutor, Tyler Matthew Johns, de 22 anos. A discuss\u00e3o come\u00e7ou por causa de uma ultrapassagem, tendo os dois baixado os vidros dos seus respetivos carros para protagonizar uma troca de insultos.<\/p>\n<p>Tyler acabou por pegar numa arma e disparar contra o carro de Valente, acabando por alvejar o menino, que n\u00e3o resistiu.<\/p>\n<p>Imagens registadas no local, numa autoestrada junto a Los Angeles, nos Estados Unidos da Am\u00e9rica, mostram os momentos que se seguiram ao incidente, aquando da chegada da pol\u00edcia.<\/p>\n<p>Nessas, \u00e9 poss\u00edvel ver o padrasto da crian\u00e7a aos gritos. &#8220;O meu mi\u00fado est\u00e1 morto&#8221;, grita, para espanto do pol\u00edcia que o questiona se \u00e9 mesmo verdade.<\/p>\n<p>Nesse momento, Tyler apresenta-se junto do agente afirmando ser ele o culpado e colocando-se \u00e0 disposi\u00e7\u00e3o das autoridades para ser algemado.<\/p>\n<p>&#8220;Levem-me. Eu alvejei-o, mano. N\u00e3o sabia que estava um mi\u00fado l\u00e1 atr\u00e1s&#8221;, pode ouvir-se Tyler a alegar.<\/p>\n<p>Assista ao momento em seguida:<\/p>\n<blockquote class=\"twitter-tweet\" data-media-max-width=\"560\"><p>&#13;<\/p>\n<p dir=\"ltr\" lang=\"en\">This is so sad, man. Why the fuck are you shooting at anyone because of some damn road rage? I hope you burn in hell, Tyler Johns. <a href=\"https:\/\/t.co\/ku5lUnUaQ4\" rel=\"nofollow\">https:\/\/t.co\/ku5lUnUaQ4<\/a><\/p>\n<p>&#13;<br \/>\n                                                    \u2014 Marty. (@Atwitisborn) <a href=\"https:\/\/twitter.com\/Atwitisborn\/status\/1992278852756771036?ref_src=twsrc%5Etfw\" rel=\"nofollow noopener\" target=\"_blank\">November 22, 2025<\/a><\/p><\/blockquote>\n<p>A origem da discuss\u00e3o<\/p>\n<p>Um menino de 11 anos morreu, na manh\u00e3 de sexta-feira, depois de ter sido baleado durante um desentendimento de tr\u00e2nsito.<\/p>\n<p>O incidente ocorreu pelas 7h30 (hora local), quando dois condutores tentaram ultrapassar-se um ao outro na autoestrada congestionada. Um deles conseguiu, eventualmente, faz\u00ea-lo pela berma, o que levou a uma disputa verbal.<\/p>\n<p>&#8220;Hoje perdemos uma vida que n\u00e3o precis\u00e1vamos de perder. Um menino de 11 anos estava a caminho da escola e este ato sem sentido roubou-lhe a vida\u201d, disse o chefe da pol\u00edcia de Henderson, Reggie Rader, citado pela NBC News.<\/p>\n<p>                                                    <img decoding=\"async\" src=\"https:\/\/www.europesays.com\/pt\/wp-content\/uploads\/2025\/11\/naom_62462251c6ad3.jpg\" border=\"0\" alt=\"EUA: Crian\u00e7a de 11 anos morre baleada em desentendimento no tr\u00e2nsito\"\/><\/p>\n<p>Um menino de 11 anos morreu, na manh\u00e3 de sexta-feira, ao ter sido baleado durante um desentendimento de tr\u00e2nsito. Um jovem de 22 anos foi detido e acusado de homic\u00eddio.<\/p>\n<p>                                                     Not\u00edcias ao Minuto | 12:02 &#8211; 15\/11\/2025 <\/p>\n<p>\u201cN\u00e3o sei porque \u00e9 que as pessoas s\u00e3o impacientes. [\u2026] O meu apelo \u00e0 comunidade, especialmente agora que entr\u00e1mos na \u00e9poca festiva, \u00e9 para que diminuam a velocidade. Acabar\u00e3o por chegar ao destino. Que cheguem em seguran\u00e7a\u201d, acrescentou.<\/p>\n<p>Acusa\u00e7\u00e3o e senten\u00e7a<\/p>\n<p>Tyler foi, entretanto, acusado de homic\u00eddio doloso, disparo de arma de fogo contra ou dentro de um ve\u00edculo e disparo de arma de fogo dentro de um ve\u00edculo em \u00e1rea proibida, de acordo com os registos policiais.<\/p>\n<p>A crian\u00e7a, ter\u00e1 sido ainda transferida com vida para o University Medical Center of Southern Nevada, onde acabou por morrer.\u00a0<\/p>\n<p>O suspeito est\u00e1 detido sem a possibilidade de pagar uma fian\u00e7a e dever\u00e1 ser presente em tribunal no dia 4 de dezembro.\u00a0<\/p>\n<p>Leia Tamb\u00e9m: <a href=\"https:\/\/www.noticiasaominuto.com\/mundo\/2886844\/deusa-da-riqueza-condenada-a-11-anos-defraudou-128-mil-pessoas\" target=\"_blank\" rel=\"noopener noreferrer nofollow\">&#8220;Deusa da Riqueza&#8221; condenada a 11 anos. Defraudou 128 mil pessoas<\/a><\/p>\n<p>                                            <script async src=\"https:\/\/platform.twitter.com\/widgets.js\" charset=\"utf-8\"><\/script><\/p>\n","protected":false},"excerpt":{"rendered":"Este \u00e9 o momento em que um homem grita em desespero depois de o seu enteado, de 11&hellip;\n","protected":false},"author":2,"featured_media":163243,"comment_status":"","ping_status":"","sticky":false,"template":"","format":"standard","meta":{"footnotes":""},"categories":[50],"tags":[27,28,15,16,14,25,26,21,22,62,12,13,19,20,23,24,17,18,29,30,31,63,64,65],"class_list":{"0":"post-163242","1":"post","2":"type-post","3":"status-publish","4":"format-standard","5":"has-post-thumbnail","7":"category-mundo","8":"tag-breaking-news","9":"tag-breakingnews","10":"tag-featured-news","11":"tag-featurednews","12":"tag-headlines","13":"tag-latest-news","14":"tag-latestnews","15":"tag-main-news","16":"tag-mainnews","17":"tag-mundo","18":"tag-news","19":"tag-noticias","20":"tag-noticias-principais","21":"tag-noticiasprincipais","22":"tag-principais-noticias","23":"tag-principaisnoticias","24":"tag-top-stories","25":"tag-topstories","26":"tag-ultimas","27":"tag-ultimas-noticias","28":"tag-ultimasnoticias","29":"tag-world","30":"tag-world-news","31":"tag-worldnews"},"share_on_mastodon":{"url":"https:\/\/pubeurope.com\/@pt\/115604419366393095","error":""},"_links":{"self":[{"href":"https:\/\/www.europesays.com\/pt\/wp-json\/wp\/v2\/posts\/163242","targetHints":{"allow":["GET"]}}],"collection":[{"href":"https:\/\/www.europesays.com\/pt\/wp-json\/wp\/v2\/posts"}],"about":[{"href":"https:\/\/www.europesays.com\/pt\/wp-json\/wp\/v2\/types\/post"}],"author":[{"embeddable":true,"href":"https:\/\/www.europesays.com\/pt\/wp-json\/wp\/v2\/users\/2"}],"replies":[{"embeddable":true,"href":"https:\/\/www.europesays.com\/pt\/wp-json\/wp\/v2\/comments?post=163242"}],"version-history":[{"count":0,"href":"https:\/\/www.europesays.com\/pt\/wp-json\/wp\/v2\/posts\/163242\/revisions"}],"wp:featuredmedia":[{"embeddable":true,"href":"https:\/\/www.europesays.com\/pt\/wp-json\/wp\/v2\/media\/163243"}],"wp:attachment":[{"href":"https:\/\/www.europesays.com\/pt\/wp-json\/wp\/v2\/media?parent=163242"}],"wp:term":[{"taxonomy":"category","embeddable":true,"href":"https:\/\/www.europesays.com\/pt\/wp-json\/wp\/v2\/categories?post=163242"},{"taxonomy":"post_tag","embeddable":true,"href":"https:\/\/www.europesays.com\/pt\/wp-json\/wp\/v2\/tags?post=163242"}],"curies":[{"name":"wp","href":"https:\/\/api.w.org\/{rel}","templated":true}]}}