{"id":163246,"date":"2025-11-24T11:25:09","date_gmt":"2025-11-24T11:25:09","guid":{"rendered":"https:\/\/www.europesays.com\/pt\/163246\/"},"modified":"2025-11-24T11:25:09","modified_gmt":"2025-11-24T11:25:09","slug":"morre-jimmy-cliff-icone-do-reggae-aos-81-anos","status":"publish","type":"post","link":"https:\/\/www.europesays.com\/pt\/163246\/","title":{"rendered":"Morre Jimmy Cliff, \u00edcone do reggae, aos 81 anos"},"content":{"rendered":"\n<p class=\" content-text__container theme-color-primary-first-letter\" data-track-category=\"Link no Texto\" data-track-links=\"\"> A fam\u00edlia do cantor e compositor Jimmy Cliff, um dos maiores nomes da hist\u00f3ria do reggae, anunciou a morte do artista em um comunicado emocionado divulgado nesta segunda-feira. Segundo o texto assinado pela esposa, Latifa, o m\u00fasico morreu aos 81 anos ap\u00f3s sofrer uma convuls\u00e3o seguida de pneumonia. <\/p>\n<ul class=\"content-unordered-list\">\n<li><strong>Jimmy Cliff:<\/strong> &#8216;<a class=\"\" href=\"https:\/\/oglobo.globo.com\/cultura\/jimmy-cliff-outro-dia-ate-espalharam-um-boato-de-que-minha-mulher-era-brasileira-25142743\" rel=\"nofollow noopener\" target=\"_blank\">Outro dia, at\u00e9 espalharam um boato de que a minha mulher era brasileira&#8217;<\/a><\/li>\n<li><strong>Morre Jimmy Cliff: <\/strong><a class=\"\" href=\"https:\/\/oglobo.globo.com\/cultura\/noticia\/2025\/11\/24\/quem-e-nabiyah-be-a-filha-brasileira-de-jimmy-cliff-que-brilhou-em-hollywood-e-cresceu-nos-palcos-da-bahia.ghtml\" rel=\"nofollow noopener\" target=\"_blank\">Quem \u00e9 Nabiyah Be, a filha brasileira do \u00edcone do reggae que brilhou em Hollywood e cresceu nos palcos da Bahia<\/a><\/li>\n<\/ul>\n<p class=\" content-text__container \" data-track-category=\"Link no Texto\" data-track-links=\"\"> \u201c\u00c9 com profunda tristeza que compartilho que meu marido, Jimmy Cliff, partiu ap\u00f3s uma convuls\u00e3o seguida de pneumonia\u201d, escreveu Latifa. \u201cAgrade\u00e7o \u00e0 fam\u00edlia, amigos, artistas e colegas que dividiram essa jornada com ele. Aos f\u00e3s ao redor do mundo, saibam que o apoio de voc\u00eas foi sua for\u00e7a durante toda a carreira. Ele valorizava profundamente o amor de cada um.\u201d <\/p>\n<p class=\" content-text__container \" data-track-category=\"Link no Texto\" data-track-links=\"\"> A esposa tamb\u00e9m expressou gratid\u00e3o \u00e0 equipe m\u00e9dica e pediu privacidade no momento de luto: <\/p>\n<p class=\" content-text__container \" data-track-category=\"Link no Texto\" data-track-links=\"\"> \u201cQuero agradecer ao Dr. Couceyro e a toda a equipe m\u00e9dica, que foram extremamente solid\u00e1rios e prestativos durante este processo dif\u00edcil. Jimmy, meu querido, descanse em paz. Cuidarei de cumprir todos os seus desejos. Pe\u00e7o que respeitem nossa privacidade neste momento.\u201d <\/p>\n<p class=\" content-text__container \" data-track-category=\"Link no Texto\" data-track-links=\"\"> O comunicado, finalizado por Latifa, Lilty e Aken, informa que mais detalhes ser\u00e3o divulgados posteriormente. <\/p>\n<p class=\" content-text__container \" data-track-category=\"Link no Texto\" data-track-links=\"\"> \u201cSee you and we see you, Legend.\u201d <\/p>\n<p class=\" content-text__container \" data-track-category=\"Link no Texto\" data-track-links=\"\"> Jimmy Cliff, conhecido mundialmente por cl\u00e1ssicos como \u201cThe Harder They Come\u201d, \u201cYou Can Get It If You Really Want\u201d e \u201cMany Rivers to Cross\u201d, foi um dos pilares do reggae e do ska jamaicano, tendo influenciado gera\u00e7\u00f5es de artistas em todo o mundo. <\/p>\n<p>Cantor relembrou momentos inesquec\u00edveis e hist\u00f3rias no Brasil<\/p>\n<p class=\" content-text__container \" data-track-category=\"Link no Texto\" data-track-links=\"\"> No Brasil, pa\u00eds com o qual manteve uma rela\u00e7\u00e3o afetiva e art\u00edstica duradoura, a not\u00edcia ressoa com ainda mais for\u00e7a. Jimmy Cliff partiu aos 81 anos. O artista vivia em Kingston, mas seguia ativo, compondo e preparando novos projetos. <\/p>\n<p class=\" content-text__container \" data-track-category=\"Link no Texto\" data-track-links=\"\"> A morte ocorre poucos anos depois de ele ter lan\u00e7ado \u201cHuman touch\u201d, seu \u00faltimo single, marcado por um retorno ao reggae dos anos 1960 e por reflex\u00f5es sobre a solid\u00e3o em tempos de pandemia. O adeus a Cliff reacende mem\u00f3rias de sua profunda conex\u00e3o com o Brasil, onde escreveu cap\u00edtulos decisivos da carreira e da vida pessoal. <\/p>\n<p class=\" content-text__container \" data-track-category=\"Link no Texto\" data-track-links=\"\"> A rela\u00e7\u00e3o come\u00e7ou em 1968, quando desembarcou no Rio para defender a can\u00e7\u00e3o \u201cWaterfall\u201d no Festival Internacional da Can\u00e7\u00e3o, no Maracan\u00e3zinho. A visita o transformou. Inspirado pela energia local, come\u00e7ou ali a compor \u201cWonderful world, beautiful people\u201d, uma de suas m\u00fasicas mais conhecidas. No mesmo ano, gravou o LP \u201cJimmy Cliff in Brazil\u201d, cujo encarte o mostra diante da Praia de Botafogo e inclui vers\u00f5es em ingl\u00eas de \u201cAndan\u00e7a\u201d e \u201cVesti azul\u201d. <\/p>\n<p class=\" content-text__container \" data-track-category=\"Link no Texto\" data-track-links=\"\"> Durante os anos 1980, Cliff esteve tantas vezes no pa\u00eds que virou folclore entre f\u00e3s cariocas \u2014 era comum brincar que bastava caminhar pela Zona Sul para encontr\u00e1-lo. Ele pr\u00f3prio ria disso, afirmando que nem sabia ao certo quanto tempo viveu no Brasil. <\/p>\n<p class=\" content-text__container \" data-track-category=\"Link no Texto\" data-track-links=\"\"> \u2014 Acho que passei uns cinco anos por a\u00ed \u2014 contou certa vez, divertido com rumores de que sua mulher seria brasileira. \u2014 Mas ela \u00e9 marroquina. <\/p>\n<p class=\" content-text__container \" data-track-category=\"Link no Texto\" data-track-links=\"\"> Em 1984, refor\u00e7ou a liga\u00e7\u00e3o carioca ao gravar, nas praias do Rio, o clipe de \u201cWe all are one\u201d, dirigido por Tizuka Yamasaki. E ampliou os la\u00e7os com a Bahia, estado onde mergulhou na hist\u00f3ria da di\u00e1spora africana no pa\u00eds e encontrou uma esp\u00e9cie de reencontro espiritual. <\/p>\n<p class=\" content-text__container \" data-track-category=\"Link no Texto\" data-track-links=\"\"> \u2014 Ter visto isso e ter feito parte disso \u00e9 sensacional \u2014 disse, sobre sua rela\u00e7\u00e3o com a cultura afro-brasileira. <\/p>\n<p class=\" content-text__container \" data-track-category=\"Link no Texto\" data-track-links=\"\"> Foi em Salvador, em 1992, que nasceu sua filha, Nabiyah Be, fruto do relacionamento com a psic\u00f3loga S\u00f4nia Gomes da Silva. Anos depois, Nabiyah estrearia no cinema em \u201cPantera Negra\u201d, fen\u00f4meno mundial da Marvel, o que trouxe ao pai um orgulho vis\u00edvel. <\/p>\n<p class=\" content-text__container \" data-track-category=\"Link no Texto\" data-track-links=\"\"> A Bahia tamb\u00e9m marcou um dos epis\u00f3dios mais sens\u00edveis de sua carreira. Em 1980, Cliff recebeu, momentos antes de subir ao palco ao lado de Gilberto Gil, a not\u00edcia da morte do pai. Mesmo devastado, decidiu cantar: <\/p>\n<p class=\" content-text__container \" data-track-category=\"Link no Texto\" data-track-links=\"\"> \u2014 Veio uma energia muito forte aquela noite. Consegui me ouvir cantando com uma for\u00e7a que nunca tinha sentido. <\/p>\n<p class=\" content-text__container \" data-track-category=\"Link no Texto\" data-track-links=\"\"> O Brasil tamb\u00e9m acompanhou a expans\u00e3o de Jimmy Cliff para o cinema. Em 1972, ele protagonizou \u201cThe harder they come\u201d (\u201cBalada sangrenta\u201d), filme que abriu portas internacionais para o reggae e para a cultura rastaf\u00e1ri. D\u00e9cadas depois, Cliff revisitaria o cl\u00e1ssico ao cantar a vers\u00e3o brasileira \u201cQuerem meu sangue\u201d com os Tit\u00e3s no \u201cAc\u00fastico MTV\u201d. <\/p>\n<p class=\" content-text__container \" data-track-category=\"Link no Texto\" data-track-links=\"\"> Sua presen\u00e7a no pa\u00eds, no entanto, n\u00e3o era apenas art\u00edstica. Cliff gostava do Brasil como quem encontra um segundo lar \u2014 pelas paisagens, pelas conex\u00f5es hist\u00f3ricas e, principalmente, pelas pessoas. Sempre repetia que sentia falta do Rio e da \u201cafricanidade da Bahia\u201d. <\/p>\n<p class=\" content-text__container \" data-track-category=\"Link no Texto\" data-track-links=\"\"> A not\u00edcia de sua morte encerra uma hist\u00f3ria que tocou profundamente a m\u00fasica brasileira e inspirou gera\u00e7\u00f5es de artistas locais. Mas o legado segue vivo \u2014 nos discos, nos palcos que o receberam e nas lembran\u00e7as espalhadas entre Rio, Bahia e tantos outros pontos do pa\u00eds que o acolheram como um dos seus. <\/p>\n<p class=\" content-text__container \" data-track-category=\"Link no Texto\" data-track-links=\"\"> Jimmy Cliff se despede, mas permanece. Em cada acorde, em cada vers\u00e3o de \u201cMany rivers to cross\u201d, em cada lembran\u00e7a gravada sob o sol do Brasil. Uma voz que atravessou o mundo encontra agora seu descanso, enquanto o reggae perde mais um de seus gigantes. <\/p>\n","protected":false},"excerpt":{"rendered":"A fam\u00edlia do cantor e compositor Jimmy Cliff, um dos maiores nomes da hist\u00f3ria do reggae, anunciou a&hellip;\n","protected":false},"author":2,"featured_media":163247,"comment_status":"","ping_status":"","sticky":false,"template":"","format":"standard","meta":{"footnotes":""},"categories":[145],"tags":[211,210,114,115,319,32,33,318],"class_list":{"0":"post-163246","1":"post","2":"type-post","3":"status-publish","4":"format-standard","5":"has-post-thumbnail","7":"category-celebridades","8":"tag-celebridades","9":"tag-celebrities","10":"tag-entertainment","11":"tag-entretenimento","12":"tag-hard-news","13":"tag-portugal","14":"tag-pt","15":"tag-radar"},"share_on_mastodon":{"url":"https:\/\/pubeurope.com\/@pt\/115604430763631270","error":""},"_links":{"self":[{"href":"https:\/\/www.europesays.com\/pt\/wp-json\/wp\/v2\/posts\/163246","targetHints":{"allow":["GET"]}}],"collection":[{"href":"https:\/\/www.europesays.com\/pt\/wp-json\/wp\/v2\/posts"}],"about":[{"href":"https:\/\/www.europesays.com\/pt\/wp-json\/wp\/v2\/types\/post"}],"author":[{"embeddable":true,"href":"https:\/\/www.europesays.com\/pt\/wp-json\/wp\/v2\/users\/2"}],"replies":[{"embeddable":true,"href":"https:\/\/www.europesays.com\/pt\/wp-json\/wp\/v2\/comments?post=163246"}],"version-history":[{"count":0,"href":"https:\/\/www.europesays.com\/pt\/wp-json\/wp\/v2\/posts\/163246\/revisions"}],"wp:featuredmedia":[{"embeddable":true,"href":"https:\/\/www.europesays.com\/pt\/wp-json\/wp\/v2\/media\/163247"}],"wp:attachment":[{"href":"https:\/\/www.europesays.com\/pt\/wp-json\/wp\/v2\/media?parent=163246"}],"wp:term":[{"taxonomy":"category","embeddable":true,"href":"https:\/\/www.europesays.com\/pt\/wp-json\/wp\/v2\/categories?post=163246"},{"taxonomy":"post_tag","embeddable":true,"href":"https:\/\/www.europesays.com\/pt\/wp-json\/wp\/v2\/tags?post=163246"}],"curies":[{"name":"wp","href":"https:\/\/api.w.org\/{rel}","templated":true}]}}