{"id":163248,"date":"2025-11-24T11:28:10","date_gmt":"2025-11-24T11:28:10","guid":{"rendered":"https:\/\/www.europesays.com\/pt\/163248\/"},"modified":"2025-11-24T11:28:10","modified_gmt":"2025-11-24T11:28:10","slug":"exclusivo-a-protegida-jd-rejeita-monica-e-vai-se-embora-novelas","status":"publish","type":"post","link":"https:\/\/www.europesays.com\/pt\/163248\/","title":{"rendered":"Exclusivo \u00abA Protegida\u00bb: JD rejeita M\u00f3nica e vai-se embora &#8211; Novelas"},"content":{"rendered":"<p>Em \u00abA Protegida\u00bb, <a href=\"https:\/\/tvi.iol.pt\/novelas\/ator\/jose-diogo\/67ac875bd34ef72ee4422589\" wbo-id=\"52\" rel=\"nofollow noopener\" target=\"_blank\">Jos\u00e9 Diogo (Pedro Sousa)<\/a>\u00a0sonha com o momento que passou com <a href=\"https:\/\/tvi.iol.pt\/novelas\/ator\/mariana-vilalobos\/67ac80ecd34ef72ee44224fe\" wbo-id=\"51\" rel=\"nofollow noopener\" target=\"_blank\">Mariana (Matilde Reym\u00e3o)<\/a>\u00a0na barragem, mas mais uma vez nunca lhe v\u00ea a cara.<\/p>\n<p><a href=\"https:\/\/tvi.iol.pt\/novelas\/videos\/clarice-emociona-se-ao-saber-que-e-avo-e-monica-chora\/68a5eb840cf216cd3ad3a1c1\" target=\"_blank\" rel=\"nofollow noopener\">M\u00f3nica (Catarina Nifo)<\/a>\u00a0percebe que ele est\u00e1 a sonhar, deita-se em cima dele e beija-o. JD corresponde ao beijo, mas acorda logo de seguida e repele M\u00f3nica.<\/p>\n<p>JD n\u00e3o consegue corresponder aos sentimentos de M\u00f3nica e come\u00e7a a arrumar as suas coisas para ir embora.<\/p>\n<p>Recorde-se que, dois anos antes, JD foi atacado e ficou sem mem\u00f3ria:<\/p>\n","protected":false},"excerpt":{"rendered":"Em \u00abA Protegida\u00bb, Jos\u00e9 Diogo (Pedro Sousa)\u00a0sonha com o momento que passou com Mariana (Matilde Reym\u00e3o)\u00a0na barragem, mas&hellip;\n","protected":false},"author":2,"featured_media":163249,"comment_status":"","ping_status":"","sticky":false,"template":"","format":"standard","meta":{"footnotes":""},"categories":[142],"tags":[168,160,10915,166,114,115,157,167,14916,164,10916,161,158,165,159,32,33,156,163,151,162],"class_list":{"0":"post-163248","1":"post","2":"type-post","3":"status-publish","4":"format-standard","5":"has-post-thumbnail","7":"category-tv","8":"tag-a-protegida","9":"tag-ana-guiomar","10":"tag-catarina-nifo","11":"tag-cristina-ferreira","12":"tag-entertainment","13":"tag-entretenimento","14":"tag-festa-e-festa","15":"tag-ficcao","16":"tag-jd","17":"tag-jose-fidalgo","18":"tag-monica","19":"tag-novelas","20":"tag-para-sempre","21":"tag-pedro-sousa","22":"tag-pedro-teixeira","23":"tag-portugal","24":"tag-pt","25":"tag-queridos-papas","26":"tag-tiago-teotonio-pereira","27":"tag-tv","28":"tag-tvi"},"share_on_mastodon":{"url":"https:\/\/pubeurope.com\/@pt\/115604442746295431","error":""},"_links":{"self":[{"href":"https:\/\/www.europesays.com\/pt\/wp-json\/wp\/v2\/posts\/163248","targetHints":{"allow":["GET"]}}],"collection":[{"href":"https:\/\/www.europesays.com\/pt\/wp-json\/wp\/v2\/posts"}],"about":[{"href":"https:\/\/www.europesays.com\/pt\/wp-json\/wp\/v2\/types\/post"}],"author":[{"embeddable":true,"href":"https:\/\/www.europesays.com\/pt\/wp-json\/wp\/v2\/users\/2"}],"replies":[{"embeddable":true,"href":"https:\/\/www.europesays.com\/pt\/wp-json\/wp\/v2\/comments?post=163248"}],"version-history":[{"count":0,"href":"https:\/\/www.europesays.com\/pt\/wp-json\/wp\/v2\/posts\/163248\/revisions"}],"wp:featuredmedia":[{"embeddable":true,"href":"https:\/\/www.europesays.com\/pt\/wp-json\/wp\/v2\/media\/163249"}],"wp:attachment":[{"href":"https:\/\/www.europesays.com\/pt\/wp-json\/wp\/v2\/media?parent=163248"}],"wp:term":[{"taxonomy":"category","embeddable":true,"href":"https:\/\/www.europesays.com\/pt\/wp-json\/wp\/v2\/categories?post=163248"},{"taxonomy":"post_tag","embeddable":true,"href":"https:\/\/www.europesays.com\/pt\/wp-json\/wp\/v2\/tags?post=163248"}],"curies":[{"name":"wp","href":"https:\/\/api.w.org\/{rel}","templated":true}]}}