{"id":16325,"date":"2025-08-04T22:47:08","date_gmt":"2025-08-04T22:47:08","guid":{"rendered":"https:\/\/www.europesays.com\/pt\/16325\/"},"modified":"2025-08-04T22:47:08","modified_gmt":"2025-08-04T22:47:08","slug":"seguros-de-saude-sobem-36-abrangendo-quatro-milhoes-de-pessoas-seguros","status":"publish","type":"post","link":"https:\/\/www.europesays.com\/pt\/16325\/","title":{"rendered":"Seguros de sa\u00fade sobem 3,6% abrangendo quatro milh\u00f5es de pessoas | Seguros"},"content":{"rendered":"<p>N\u00e3o \u00e9 novidade que o mercado dos seguros de sa\u00fade tem crescido em Portugal, mas os dados relativos a 2024 mostram um aumento muito significativo: os pr\u00e9mios brutos emitidos no ramo Doen\u00e7a (que integra, do ponto de vista formal, os seguros de sa\u00fade) atingiram 1,7 mil milh\u00f5es de euros, o que representa um crescimento de 18,9%, revelou esta segunda-feira a ASF \u2013 Autoridade de Supervis\u00e3o de Seguros e Fundos de Pens\u00f5es.<\/p>\n<p>Os dados recolhidos pelo Observat\u00f3rio dos Seguros de Sa\u00fade, uma plataforma da ASF, mostram que os pr\u00e9mios se repartem de forma relativamente pr\u00f3xima entre as ap\u00f3lices individuais (830 milh\u00f5es), onde o crescimento foi de 6%, e as de grupo (870 milh\u00f5es), com um aumento de 1,4%.<\/p>\n<p>O n\u00famero de pessoas com seguros em Portugal <a href=\"https:\/\/www.publico.pt\/2025\/06\/29\/economia\/noticia\/quase-quatro-milhoes-portugueses-seguros-saude-2136541\" rel=\"nofollow noopener\" target=\"_blank\">aumentou 3,6%<\/a>, totalizando quatro milh\u00f5es de benefici\u00e1rios em 2024, revela a entidade em comunicado. Um crescimento a que n\u00e3o \u00e9 alheio os constrangimentos sentidos pelos cidad\u00e3os no acesso a cuidados no Servi\u00e7o Nacional de Sa\u00fade.<\/p>\n<p>\u201cEste aumento expressivo, o maior dos \u00faltimos anos, confirma a crescente relev\u00e2ncia dos seguros de sa\u00fade no sistema de financiamento da sa\u00fade e na carteira dos ramos N\u00e3o Vida, preenchendo assim a sua fun\u00e7\u00e3o social, uma vez que a oferta do sector segurador deve vir ao encontro das necessidades da popula\u00e7\u00e3o em cada momento\u201d, afirma Eduardo Pereira, director do departamento de Supervis\u00e3o Comportamental da ASF, no documento divulgado.<\/p>\n<p>Refor\u00e7ando o papel do sector segurador no financiamento da sa\u00fade, a ASF destaca que \u201cestima-se que 5,3% da despesa total em sa\u00fade em Portugal tenha sido suportada pelos seguradores, um aumento de 0,4 pontos percentuais face a 2023\u201d.<\/p>\n<p>Nos \u00faltimos cinco anos, a quota de mercado do ramo Doen\u00e7a aumentou 4,6 pontos percentuais, para 22,7% em 2024.<\/p>\n<p>O supervisor do mercado segurador destaca ainda que este segmento de mercado \u201capresenta sinais de maior diversifica\u00e7\u00e3o, com uma diminui\u00e7\u00e3o da concentra\u00e7\u00e3o nos principais seguradores\u201d, tendo em conta que, no ano passado, os tr\u00eas maiores seguradores no ramo representavam 68,5% do total de pr\u00e9mios brutos emitidos, contra 73,1% em 2020.<\/p>\n<p>O pr\u00e9mio m\u00e9dio (valor pago pelo seguro) por pessoa segura subiu 14,8%, situando-se em 417,84 euros, repartindo-se por 423,61 euros (+10,3%) nas ap\u00f3lices individuais e 412,45 euros (+19,3%) nas de grupo.<\/p>\n<p>O supervisor que brevemente passar\u00e1 a ser liderado por <a href=\"https:\/\/www.publico.pt\/2025\/07\/24\/economia\/noticia\/regresso-casa-conhece-bem-gabriel-bernardino-novo-supervisor-seguros-2141636\" rel=\"nofollow noopener\" target=\"_blank\">Gabriel Bernardino<\/a> destaca ainda como positiva a diminui\u00e7\u00e3o das reclama\u00e7\u00f5es que lhe chegaram &#8211; 131, o que representa uma redu\u00e7\u00e3o de 8,4% &#8211; e das analisadas pelas seguradoras, que ca\u00edram 17,4%, para 3980 face a 2023. \u201cEsta evolu\u00e7\u00e3o poder\u00e1 estar associada \u00e0 adop\u00e7\u00e3o de melhores pr\u00e1ticas de mercado e ao refor\u00e7o da interven\u00e7\u00e3o da ASF ao n\u00edvel da regula\u00e7\u00e3o e da supervis\u00e3o, numa perspectiva preventiva\u201d, refere.<\/p>\n","protected":false},"excerpt":{"rendered":"N\u00e3o \u00e9 novidade que o mercado dos seguros de sa\u00fade tem crescido em Portugal, mas os dados relativos&hellip;\n","protected":false},"author":2,"featured_media":16326,"comment_status":"","ping_status":"","sticky":false,"template":"","format":"standard","meta":{"footnotes":""},"categories":[10],"tags":[647,27,28,4357,476,90,15,16,14,25,26,21,22,12,13,19,20,32,23,24,33,6296,17,18,29,30,31],"class_list":{"0":"post-16325","1":"post","2":"type-post","3":"status-publish","4":"format-standard","5":"has-post-thumbnail","7":"category-portugal","8":"tag-asf","9":"tag-breaking-news","10":"tag-breakingnews","11":"tag-doenca","12":"tag-economia","13":"tag-empresas","14":"tag-featured-news","15":"tag-featurednews","16":"tag-headlines","17":"tag-latest-news","18":"tag-latestnews","19":"tag-main-news","20":"tag-mainnews","21":"tag-news","22":"tag-noticias","23":"tag-noticias-principais","24":"tag-noticiasprincipais","25":"tag-portugal","26":"tag-principais-noticias","27":"tag-principaisnoticias","28":"tag-pt","29":"tag-seguros","30":"tag-top-stories","31":"tag-topstories","32":"tag-ultimas","33":"tag-ultimas-noticias","34":"tag-ultimasnoticias"},"share_on_mastodon":{"url":"","error":""},"_links":{"self":[{"href":"https:\/\/www.europesays.com\/pt\/wp-json\/wp\/v2\/posts\/16325","targetHints":{"allow":["GET"]}}],"collection":[{"href":"https:\/\/www.europesays.com\/pt\/wp-json\/wp\/v2\/posts"}],"about":[{"href":"https:\/\/www.europesays.com\/pt\/wp-json\/wp\/v2\/types\/post"}],"author":[{"embeddable":true,"href":"https:\/\/www.europesays.com\/pt\/wp-json\/wp\/v2\/users\/2"}],"replies":[{"embeddable":true,"href":"https:\/\/www.europesays.com\/pt\/wp-json\/wp\/v2\/comments?post=16325"}],"version-history":[{"count":0,"href":"https:\/\/www.europesays.com\/pt\/wp-json\/wp\/v2\/posts\/16325\/revisions"}],"wp:featuredmedia":[{"embeddable":true,"href":"https:\/\/www.europesays.com\/pt\/wp-json\/wp\/v2\/media\/16326"}],"wp:attachment":[{"href":"https:\/\/www.europesays.com\/pt\/wp-json\/wp\/v2\/media?parent=16325"}],"wp:term":[{"taxonomy":"category","embeddable":true,"href":"https:\/\/www.europesays.com\/pt\/wp-json\/wp\/v2\/categories?post=16325"},{"taxonomy":"post_tag","embeddable":true,"href":"https:\/\/www.europesays.com\/pt\/wp-json\/wp\/v2\/tags?post=16325"}],"curies":[{"name":"wp","href":"https:\/\/api.w.org\/{rel}","templated":true}]}}