{"id":163254,"date":"2025-11-24T11:31:13","date_gmt":"2025-11-24T11:31:13","guid":{"rendered":"https:\/\/www.europesays.com\/pt\/163254\/"},"modified":"2025-11-24T11:31:13","modified_gmt":"2025-11-24T11:31:13","slug":"treinador-do-besiktas-rafa-silva-desapareceu-do-mapa","status":"publish","type":"post","link":"https:\/\/www.europesays.com\/pt\/163254\/","title":{"rendered":"Treinador do Besiktas: \u00abRafa Silva desapareceu do mapa\u00bb"},"content":{"rendered":"<p>A novela entre o Besiktas e Rafa Silva est\u00e1 longe de acabar, tanto que o treinador da equipa turca voltou a falar do portugu\u00eas ap\u00f3s <a href=\"https:\/\/maisfutebol.iol.pt\/jogo\/besiktas\/samsunspor\/13827399\" target=\"_blank\" rel=\"nofollow noopener\">o empate caseiro frente ao Samsunspor (1-1).<\/a><\/p>\n<p>\u00abN\u00e3o \u00e9 f\u00e1cil resolver alguns problemas. Temos defici\u00eancias. O Rafa Silva era um jogador no qual os adeptos e a dire\u00e7\u00e3o depositavam grandes esperan\u00e7as, mas desapareceu do mapa\u00bb, come\u00e7ou por dizer\u00a0Sergen Yal\u00e7\u0131n,\u00a0em declara\u00e7\u00f5es ao Fanatik, quando questionado sobre os maus resultados.<\/p>\n<p>\u00abO Orkun K\u00f6kc\u00fc est\u00e1 suspenso por dois jogos e tamb\u00e9m \u00e9 um jogador importante para n\u00f3s. Sabemos o que precisa de ser feito, mas n\u00e3o h\u00e1 solu\u00e7\u00e3o. Estamos a tentar fazer o melhor poss\u00edvel com o plantel atual. \u00c0s vezes, os resultados esperados n\u00e3o chegam\u00bb, acrescentou.<\/p>\n<p>De relembrar que Rafa Silva cortou rela\u00e7\u00f5es com o treinador do Besiktas e tem faltado aos treinos, alegando dores nas costas. No entanto, o clube turco n\u00e3o aceita a justifica\u00e7\u00e3o e n\u00e3o nega a possibilidade de fazer queixa do portugu\u00eas \u00e0 FIFA.\u00a0<\/p>\n<p>Rafa tem contrato at\u00e9 2027 e uma cl\u00e1usula de rescis\u00e3o no valor de 15 milh\u00f5es de euros. <a href=\"https:\/\/maisfutebol.iol.pt\/benfica\/rafa\/a-regressar-a-portugal-rafa-silva-so-equaciona-jogar-no-benfica\" target=\"_blank\" rel=\"nofollow noopener\">Um dos interessados \u00e9 o Benfica, que pode avan\u00e7ar no mercado de inverno.<\/a><\/p>\n","protected":false},"excerpt":{"rendered":"A novela entre o Besiktas e Rafa Silva est\u00e1 longe de acabar, tanto que o treinador da equipa&hellip;\n","protected":false},"author":2,"featured_media":85845,"comment_status":"","ping_status":"","sticky":false,"template":"","format":"standard","meta":{"footnotes":""},"categories":[87],"tags":[51,437,135,82,46,32,33,47,21749,33022,134,2428],"class_list":{"0":"post-163254","1":"post","2":"type-post","3":"status-publish","4":"format-standard","5":"has-post-thumbnail","7":"category-desporto","8":"tag-benfica","9":"tag-besiktas","10":"tag-desporto","11":"tag-internacional","12":"tag-maisfutebol","13":"tag-portugal","14":"tag-pt","15":"tag-pura-paixao","16":"tag-rafa-silva","17":"tag-sergen-yalcin","18":"tag-sports","19":"tag-turquia"},"share_on_mastodon":{"url":"https:\/\/pubeurope.com\/@pt\/115604454402594576","error":""},"_links":{"self":[{"href":"https:\/\/www.europesays.com\/pt\/wp-json\/wp\/v2\/posts\/163254","targetHints":{"allow":["GET"]}}],"collection":[{"href":"https:\/\/www.europesays.com\/pt\/wp-json\/wp\/v2\/posts"}],"about":[{"href":"https:\/\/www.europesays.com\/pt\/wp-json\/wp\/v2\/types\/post"}],"author":[{"embeddable":true,"href":"https:\/\/www.europesays.com\/pt\/wp-json\/wp\/v2\/users\/2"}],"replies":[{"embeddable":true,"href":"https:\/\/www.europesays.com\/pt\/wp-json\/wp\/v2\/comments?post=163254"}],"version-history":[{"count":0,"href":"https:\/\/www.europesays.com\/pt\/wp-json\/wp\/v2\/posts\/163254\/revisions"}],"wp:featuredmedia":[{"embeddable":true,"href":"https:\/\/www.europesays.com\/pt\/wp-json\/wp\/v2\/media\/85845"}],"wp:attachment":[{"href":"https:\/\/www.europesays.com\/pt\/wp-json\/wp\/v2\/media?parent=163254"}],"wp:term":[{"taxonomy":"category","embeddable":true,"href":"https:\/\/www.europesays.com\/pt\/wp-json\/wp\/v2\/categories?post=163254"},{"taxonomy":"post_tag","embeddable":true,"href":"https:\/\/www.europesays.com\/pt\/wp-json\/wp\/v2\/tags?post=163254"}],"curies":[{"name":"wp","href":"https:\/\/api.w.org\/{rel}","templated":true}]}}