{"id":163257,"date":"2025-11-24T11:37:24","date_gmt":"2025-11-24T11:37:24","guid":{"rendered":"https:\/\/www.europesays.com\/pt\/163257\/"},"modified":"2025-11-24T11:37:24","modified_gmt":"2025-11-24T11:37:24","slug":"eua-e-ucrania-atualizam-plano-de-paz-com-exigencias-ucranianas","status":"publish","type":"post","link":"https:\/\/www.europesays.com\/pt\/163257\/","title":{"rendered":"EUA e Ucr\u00e2nia atualizam plano de paz com exig\u00eancias ucranianas"},"content":{"rendered":"<p>R\u00fassia ataca infraestruturas civis em tr\u00eas regi\u00f5es com 162 drones<\/p>\n<p>As For\u00e7as Armadas da Federa\u00e7\u00e3o Russa atacaram esta segunda-feira, 24 de novembro, com 162 drones (aeronaves telepilotadas) infraestruturas civis ucranianas nas regi\u00f5es Chernigiv (norte), Kharkiv (noroeste) e Dnipropetrovsk (centro-este), segundo a For\u00e7a A\u00e9rea da Ucr\u00e2nia, que indica ter havido v\u00edtimas mortais.<\/p>\n<p>A mesma fonte diz ter identificado 88 aparelhos daquele g\u00e9nero como sendo do modelo Shaed, de fabrico iraniano, acrescentando que foi abatido um total de 125 drones, enquanto 37 n\u00e3o foram intercetados pelas defesas antia\u00e9reas e causaram impactos em 15 localiza\u00e7\u00f5es diferentes, sem especificar.<\/p>\n<p>Em Kharviv, morreram quatro pessoas na sequ\u00eancia deste \u00faltimo ataque russo, escreveu o governador ucraniano Oleg Siniegubov, na plataforma eletr\u00f3nica Telegram, verificando-se ainda 13 feridos, incluindo dois menores de idade.<\/p>\n<p>A R\u00fassia tem atacado a Ucr\u00e2nia quase diariamente com drones ou m\u00edsseis, com as infraestruturas energ\u00e9ticas a serem particularmente visadas, o que aumenta os receios de um inverno muito sofrido pela popula\u00e7\u00e3o local.<\/p>\n<p>Kiev, por sua vez, ataca regularmente dep\u00f3sitos de petr\u00f3leo, refinarias e outras instala\u00e7\u00f5es do lado russo das diversas frentes de batalha.<\/p>\n","protected":false},"excerpt":{"rendered":"R\u00fassia ataca infraestruturas civis em tr\u00eas regi\u00f5es com 162 drones As For\u00e7as Armadas da Federa\u00e7\u00e3o Russa atacaram esta&hellip;\n","protected":false},"author":2,"featured_media":163258,"comment_status":"","ping_status":"","sticky":false,"template":"","format":"standard","meta":{"footnotes":""},"categories":[50],"tags":[27,28,235,15,16,889,14,25,26,21,22,62,12,13,19,20,23,24,17,18,29,30,31,63,64,65],"class_list":{"0":"post-163257","1":"post","2":"type-post","3":"status-publish","4":"format-standard","5":"has-post-thumbnail","7":"category-mundo","8":"tag-breaking-news","9":"tag-breakingnews","10":"tag-estados-unidos","11":"tag-featured-news","12":"tag-featurednews","13":"tag-guerra-na-ucrania","14":"tag-headlines","15":"tag-latest-news","16":"tag-latestnews","17":"tag-main-news","18":"tag-mainnews","19":"tag-mundo","20":"tag-news","21":"tag-noticias","22":"tag-noticias-principais","23":"tag-noticiasprincipais","24":"tag-principais-noticias","25":"tag-principaisnoticias","26":"tag-top-stories","27":"tag-topstories","28":"tag-ultimas","29":"tag-ultimas-noticias","30":"tag-ultimasnoticias","31":"tag-world","32":"tag-world-news","33":"tag-worldnews"},"share_on_mastodon":{"url":"https:\/\/pubeurope.com\/@pt\/115604477884969320","error":""},"_links":{"self":[{"href":"https:\/\/www.europesays.com\/pt\/wp-json\/wp\/v2\/posts\/163257","targetHints":{"allow":["GET"]}}],"collection":[{"href":"https:\/\/www.europesays.com\/pt\/wp-json\/wp\/v2\/posts"}],"about":[{"href":"https:\/\/www.europesays.com\/pt\/wp-json\/wp\/v2\/types\/post"}],"author":[{"embeddable":true,"href":"https:\/\/www.europesays.com\/pt\/wp-json\/wp\/v2\/users\/2"}],"replies":[{"embeddable":true,"href":"https:\/\/www.europesays.com\/pt\/wp-json\/wp\/v2\/comments?post=163257"}],"version-history":[{"count":0,"href":"https:\/\/www.europesays.com\/pt\/wp-json\/wp\/v2\/posts\/163257\/revisions"}],"wp:featuredmedia":[{"embeddable":true,"href":"https:\/\/www.europesays.com\/pt\/wp-json\/wp\/v2\/media\/163258"}],"wp:attachment":[{"href":"https:\/\/www.europesays.com\/pt\/wp-json\/wp\/v2\/media?parent=163257"}],"wp:term":[{"taxonomy":"category","embeddable":true,"href":"https:\/\/www.europesays.com\/pt\/wp-json\/wp\/v2\/categories?post=163257"},{"taxonomy":"post_tag","embeddable":true,"href":"https:\/\/www.europesays.com\/pt\/wp-json\/wp\/v2\/tags?post=163257"}],"curies":[{"name":"wp","href":"https:\/\/api.w.org\/{rel}","templated":true}]}}