{"id":163259,"date":"2025-11-24T11:39:26","date_gmt":"2025-11-24T11:39:26","guid":{"rendered":"https:\/\/www.europesays.com\/pt\/163259\/"},"modified":"2025-11-24T11:39:26","modified_gmt":"2025-11-24T11:39:26","slug":"elevador-da-gloria-seguradora-fidelidade-diz-que-atribuicao-de-indemnizacoes-vai-demorar-mas-garante-que-ninguem-fica-desamparado","status":"publish","type":"post","link":"https:\/\/www.europesays.com\/pt\/163259\/","title":{"rendered":"Elevador da Gl\u00f3ria: seguradora Fidelidade diz que atribui\u00e7\u00e3o de indemniza\u00e7\u00f5es vai demorar mas garante que &#8220;ningu\u00e9m fica desamparado&#8221;"},"content":{"rendered":"<p style=\"text-align: start;\">O presidente executivo da Fidelidade, seguradora da Carris, disse que o processo de atribui\u00e7\u00e3o de indemniza\u00e7\u00f5es \u00e0s v\u00edtimas do acidente no elevador da Gl\u00f3ria vai demorar, porque falta definir os valores envolvidos, mas garantiu que <strong>\u201cningu\u00e9m fica desamparado\u201d<\/strong>.<\/p>\n<p style=\"text-align: start;\"><strong>\u201cEstes processos tendem a ser um pouco mais longos. N\u00f3s j\u00e1 pag\u00e1mos despesas de todas estas v\u00edtimas, digamos assim. Despesas com tratamentos hospitalares, de viagens, aos familiares\u201d<\/strong>, disse Rog\u00e9rio Campos Henriques em entrevista \u00e0 Antena 1 e ao Jornal de Neg\u00f3cios, divulgada este fim de semana.<\/p>\n<p style=\"text-align: start;\">Segundo o respons\u00e1vel, este tipo de processo \u201ctipicamente \u00e9 moroso porque falta definir muito claramente o valor das indemniza\u00e7\u00f5es no caso das mortes\u201d.<\/p>\n<p style=\"text-align: start;\">Rog\u00e9rio Campos Henriques apontou que para que se chegue a esse valor \u00e9 preciso ter em conta diversas vari\u00e1veis, como a idade da v\u00edtima, a sua situa\u00e7\u00e3o familiar, danos morais que foram ou n\u00e3o incorridos ou at\u00e9 mesmo a identifica\u00e7\u00e3o de herdeiros, tornando-se num processo longo.<\/p>\n<p style=\"text-align: start;\"><strong>\u201c\u00c9 um processo que vai demorar, o que n\u00f3s asseguramos \u00e9 que, independentemente do tempo que este processo demore, ningu\u00e9m fica desamparado\u201d<\/strong>, acrescentou o executivo, que n\u00e3o quis especificar o valor provisionado pela seguradora para este caso, referindo que \u201cs\u00e3o v\u00e1rios milh\u00f5es de euros\u201d.<\/p>\n<p style=\"text-align: start;\">O descarrilamento do elevador da Gl\u00f3ria, sob gest\u00e3o da empresa municipal Carris, ocorreu no dia 3 setembro e provocou 16 mortos e duas dezenas de feridos, entre portugueses e estrangeiros de v\u00e1rias nacionalidades.<\/p>\n<p style=\"text-align: start;\">Na mesma entrevista, realizada no \u00e2mbito do programa Conversa Capital, Rog\u00e9rio Campos Henriques apontou que tem havido um abrandamento do n\u00famero de seguros de sa\u00fade \u2013 tendo a Multicare mais de 1.200.000 pessoas seguradas \u2013, e \u201cum aumento, sobretudo, da utiliza\u00e7\u00e3o\u201d.<\/p>\n<p style=\"text-align: start;\">\u201cO seguro de sa\u00fade em Portugal, quando foi criado, tinha uma perspetiva complementar, acrescentava uma camada de servi\u00e7o, de conveni\u00eancia, que, nos \u00faltimos anos, face a alguma dificuldade do Servi\u00e7o Nacional de Sa\u00fade (SNS) se ampliou e, portanto, h\u00e1 mais oferta e as pessoas usam mais o seguro de sa\u00fade\u201d, afirmou, dizendo que tal \u201ctamb\u00e9m explica por que \u00e9 que o custo do seguro de sa\u00fade tem vindo a subir\u201d.<\/p>\n<p style=\"text-align: start;\">Na \u00f3tica da subida dos pr\u00e9mios dos seguros, Rog\u00e9rio Campos Henriques estimou que os pre\u00e7os dos seguros de sa\u00fade dever\u00e3o continuar a subir no pr\u00f3ximo ano, mas abaixo dos 7% registados este ano, e que a subida tamb\u00e9m dever\u00e1 acontecer noutros ramos.<\/p>\n<p style=\"text-align: start;\">No caso do ramo autom\u00f3vel, o respons\u00e1vel registou que n\u00e3o houve uma descida do n\u00famero de sinistros e que o custo das repara\u00e7\u00f5es aumentou. Em particular, apontou que o custo m\u00e9dio da repara\u00e7\u00e3o dos ve\u00edculos el\u00e9tricos \u00e9 superior ao das repara\u00e7\u00f5es de ve\u00edculos de combust\u00e3o interna.<\/p>\n<p style=\"text-align: start;\">No caso de fen\u00f3menos atmosf\u00e9ricos severos, como Martinho e Cl\u00e1udia, o CEO da Fidelidade apontou que \u201ccustaram largas dezenas de milh\u00f5es de euros, no seu conjunto\u201d.<\/p>\n<p style=\"text-align: start;\">Sobre a constru\u00e7\u00e3o da nova sede do Banco de Portugal em Entrecampos, Rog\u00e9rio Campos Henriques disse que est\u00e1 a avan\u00e7ar e que o calend\u00e1rio est\u00e1 a ser cumprido, tendo j\u00e1 falado com o novo governador, \u00c1lvaro Santos Pereira.<\/p>\n","protected":false},"excerpt":{"rendered":"O presidente executivo da Fidelidade, seguradora da Carris, disse que o processo de atribui\u00e7\u00e3o de indemniza\u00e7\u00f5es \u00e0s v\u00edtimas&hellip;\n","protected":false},"author":2,"featured_media":163260,"comment_status":"","ping_status":"","sticky":false,"template":"","format":"standard","meta":{"footnotes":""},"categories":[10],"tags":[27,28,15,16,14,25,26,21,22,12,13,19,20,32,23,24,33,17,18,29,30,31],"class_list":{"0":"post-163259","1":"post","2":"type-post","3":"status-publish","4":"format-standard","5":"has-post-thumbnail","7":"category-portugal","8":"tag-breaking-news","9":"tag-breakingnews","10":"tag-featured-news","11":"tag-featurednews","12":"tag-headlines","13":"tag-latest-news","14":"tag-latestnews","15":"tag-main-news","16":"tag-mainnews","17":"tag-news","18":"tag-noticias","19":"tag-noticias-principais","20":"tag-noticiasprincipais","21":"tag-portugal","22":"tag-principais-noticias","23":"tag-principaisnoticias","24":"tag-pt","25":"tag-top-stories","26":"tag-topstories","27":"tag-ultimas","28":"tag-ultimas-noticias","29":"tag-ultimasnoticias"},"share_on_mastodon":{"url":"https:\/\/pubeurope.com\/@pt\/115604485792545473","error":""},"_links":{"self":[{"href":"https:\/\/www.europesays.com\/pt\/wp-json\/wp\/v2\/posts\/163259","targetHints":{"allow":["GET"]}}],"collection":[{"href":"https:\/\/www.europesays.com\/pt\/wp-json\/wp\/v2\/posts"}],"about":[{"href":"https:\/\/www.europesays.com\/pt\/wp-json\/wp\/v2\/types\/post"}],"author":[{"embeddable":true,"href":"https:\/\/www.europesays.com\/pt\/wp-json\/wp\/v2\/users\/2"}],"replies":[{"embeddable":true,"href":"https:\/\/www.europesays.com\/pt\/wp-json\/wp\/v2\/comments?post=163259"}],"version-history":[{"count":0,"href":"https:\/\/www.europesays.com\/pt\/wp-json\/wp\/v2\/posts\/163259\/revisions"}],"wp:featuredmedia":[{"embeddable":true,"href":"https:\/\/www.europesays.com\/pt\/wp-json\/wp\/v2\/media\/163260"}],"wp:attachment":[{"href":"https:\/\/www.europesays.com\/pt\/wp-json\/wp\/v2\/media?parent=163259"}],"wp:term":[{"taxonomy":"category","embeddable":true,"href":"https:\/\/www.europesays.com\/pt\/wp-json\/wp\/v2\/categories?post=163259"},{"taxonomy":"post_tag","embeddable":true,"href":"https:\/\/www.europesays.com\/pt\/wp-json\/wp\/v2\/tags?post=163259"}],"curies":[{"name":"wp","href":"https:\/\/api.w.org\/{rel}","templated":true}]}}