{"id":163269,"date":"2025-11-24T11:47:14","date_gmt":"2025-11-24T11:47:14","guid":{"rendered":"https:\/\/www.europesays.com\/pt\/163269\/"},"modified":"2025-11-24T11:47:14","modified_gmt":"2025-11-24T11:47:14","slug":"real-madrid-pede-desculpa-ao-elche-e-a-andre-silva-por-erro-em-homenagem-a-diogo-jota-e-ao-irmao","status":"publish","type":"post","link":"https:\/\/www.europesays.com\/pt\/163269\/","title":{"rendered":"Real Madrid pede desculpa ao Elche e a Andr\u00e9 Silva por erro em homenagem a Diogo Jota e ao irm\u00e3o"},"content":{"rendered":"<blockquote data-type=\"articles\" data-id=\"related-article-18022977\"><p>\n              <strong>Leia tamb\u00e9m <\/strong><br \/>\n              <a href=\"https:\/\/www.ojogo.pt\/futebol\/artigo\/fc-porto-deu-o-exemplo-de-que-e-possivel-discutir-materias-complexas-com-serenidade\/18022977\" rel=\"nofollow noopener\" target=\"_blank\">&#8220;FC Porto deu o exemplo de que \u00e9 poss\u00edvel discutir mat\u00e9rias complexas com serenidade&#8221;<\/a>\n            <\/p><\/blockquote>\n<p>O Real Madrid pediu este domingo desculpa ao Elche e ao portugu\u00eas Andr\u00e9 Silva<a href=\"https:\/\/www.ojogo.pt\/internacional\/artigo\/erro-crasso-em-homenagem-a-diogo-jota-e-andre-silva-real-madrid-utilizou-fotogafia-do-avancado-do-elche\/18022917\" target=\"_blank\" rel=\"nofollow noopener\"> por ter utilizado uma imagem do avan\u00e7ado no lugar da do irm\u00e3o de Diogo Jota<\/a>, numa homenagem ao antigo jogador do Liverpool, falecido em julho num acidente de via\u00e7\u00e3o em Espanha, juntamente com o irm\u00e3o.<\/p>\n<p>&#8220;O Real Madrid pede desculpa ao Elche e ao seu jogador Andr\u00e9 SIlva por ter inclu\u00eddo, erradamente, no obitur\u00e1rio de um v\u00eddeo institucional, a sua imagem no lugar da de Andr\u00e9 Silva, irm\u00e3o de Diogo Jota, jogador do Liverpool. Lamentamos o ocorrido&#8221;, pode ler-se nas redes sociais do emblema merengue.<\/p>\n<blockquote class=\"twitter-tweet\">\n<p>El Real Madrid C. F. pide disculpas al Elche C. F. y a su jugador Andr\u00e9 da Silva por haber incluido por error, en el obituario de un v\u00eddeo institucional, su imagen en lugar de la de Andr\u00e9 Silva, hermano de Diogo Jota, jugador del Liverpool. Lamentamos lo ocurrido.<\/p>\n<p>&#8211; Real Madrid C.F. (@realmadrid) <a href=\"https:\/\/twitter.com\/realmadrid\/status\/1992551051581440482?ref_src=twsrc%5Etfw\" rel=\"nofollow noopener\" target=\"_blank\">November 23, 2025<\/a><\/p><\/blockquote>\n<p><script async src=\"https:\/\/platform.twitter.com\/widgets.js\" charset=\"utf-8\"><\/script><\/p>\n","protected":false},"excerpt":{"rendered":"Leia tamb\u00e9m &#8220;FC Porto deu o exemplo de que \u00e9 poss\u00edvel discutir mat\u00e9rias complexas com serenidade&#8221; O Real&hellip;\n","protected":false},"author":2,"featured_media":163270,"comment_status":"","ping_status":"","sticky":false,"template":"","format":"standard","meta":{"footnotes":""},"categories":[87],"tags":[135,10760,524,138,32,8168,33,2007,134],"class_list":{"0":"post-163269","1":"post","2":"type-post","3":"status-publish","4":"format-standard","5":"has-post-thumbnail","7":"category-desporto","8":"tag-desporto","9":"tag-elche","10":"tag-futebol","11":"tag-futebol-internacional","12":"tag-portugal","13":"tag-portugueses","14":"tag-pt","15":"tag-real-madrid","16":"tag-sports"},"share_on_mastodon":{"url":"https:\/\/pubeurope.com\/@pt\/115604517142596896","error":""},"_links":{"self":[{"href":"https:\/\/www.europesays.com\/pt\/wp-json\/wp\/v2\/posts\/163269","targetHints":{"allow":["GET"]}}],"collection":[{"href":"https:\/\/www.europesays.com\/pt\/wp-json\/wp\/v2\/posts"}],"about":[{"href":"https:\/\/www.europesays.com\/pt\/wp-json\/wp\/v2\/types\/post"}],"author":[{"embeddable":true,"href":"https:\/\/www.europesays.com\/pt\/wp-json\/wp\/v2\/users\/2"}],"replies":[{"embeddable":true,"href":"https:\/\/www.europesays.com\/pt\/wp-json\/wp\/v2\/comments?post=163269"}],"version-history":[{"count":0,"href":"https:\/\/www.europesays.com\/pt\/wp-json\/wp\/v2\/posts\/163269\/revisions"}],"wp:featuredmedia":[{"embeddable":true,"href":"https:\/\/www.europesays.com\/pt\/wp-json\/wp\/v2\/media\/163270"}],"wp:attachment":[{"href":"https:\/\/www.europesays.com\/pt\/wp-json\/wp\/v2\/media?parent=163269"}],"wp:term":[{"taxonomy":"category","embeddable":true,"href":"https:\/\/www.europesays.com\/pt\/wp-json\/wp\/v2\/categories?post=163269"},{"taxonomy":"post_tag","embeddable":true,"href":"https:\/\/www.europesays.com\/pt\/wp-json\/wp\/v2\/tags?post=163269"}],"curies":[{"name":"wp","href":"https:\/\/api.w.org\/{rel}","templated":true}]}}