{"id":16327,"date":"2025-08-04T22:48:17","date_gmt":"2025-08-04T22:48:17","guid":{"rendered":"https:\/\/www.europesays.com\/pt\/16327\/"},"modified":"2025-08-04T22:48:17","modified_gmt":"2025-08-04T22:48:17","slug":"especialista-arrasa-daniela-santos-apos-recuar-de-desistir-do-big-brother-verao","status":"publish","type":"post","link":"https:\/\/www.europesays.com\/pt\/16327\/","title":{"rendered":"Especialista &#8216;arrasa&#8217; Daniela Santos ap\u00f3s recuar de desistir do Big Brother Ver\u00e3o"},"content":{"rendered":"<p>\t\t\t\t\t\t\t\t\t\t\t\t<a href=\"#\" onclick=\"window.open('http:\/\/www.facebook.com\/sharer.php?u=https:\/\/cusquices.com\/especialista-arrasa-daniela-santos-apos-recuar-de-desistir-do-big-brother-verao\/&amp;t=Especialista \u2018arrasa\u2019 Daniela Santos ap\u00f3s recuar de desistir do Big Brother Ver\u00e3o', 'facebookShare', 'width=626,height=436'); return false;\" title=\"Share on Facebook\"><\/p>\n<p>Share<\/p>\n<p><\/a><br \/>\n\t\t\t\t\t\t\t\t\t\t\t\t<a href=\"#\" onclick=\"window.open('http:\/\/twitter.com\/share?text=Especialista \u2018arrasa\u2019 Daniela Santos ap\u00f3s recuar de desistir do Big Brother Ver\u00e3o -&amp;url=https:\/\/cusquices.com\/especialista-arrasa-daniela-santos-apos-recuar-de-desistir-do-big-brother-verao\/', 'twitterShare', 'width=626,height=436'); return false;\" title=\"Tweet This Post\"><\/p>\n<p>Tweet<\/p>\n<p><\/a><br \/>\n\t\t\t\t\t\t\t\t\t\t\t\t<a href=\"whatsapp:\/\/send?text=Especialista \u2018arrasa\u2019 Daniela Santos ap\u00f3s recuar de desistir do Big Brother Ver\u00e3o https:\/\/cusquices.com\/especialista-arrasa-daniela-santos-apos-recuar-de-desistir-do-big-brother-verao\/\" rel=\"nofollow\"><\/p>\n<p>Share<\/p>\n<p><\/a><br \/>\n\t\t\t\t\t\t\t\t\t\t\t\t<a href=\"#\" onclick=\"window.open('http:\/\/pinterest.com\/pin\/create\/button\/?url=https:\/\/cusquices.com\/especialista-arrasa-daniela-santos-apos-recuar-de-desistir-do-big-brother-verao\/&amp;media=https:\/\/cusquices.com\/wp-content\/uploads\/2025\/08\/danielasantos-conf-1000x600.jpg&amp;description=Especialista \u2018arrasa\u2019 Daniela Santos ap\u00f3s recuar de desistir do Big Brother Ver\u00e3o', 'pinterestShare', 'width=750,height=350'); return false;\" title=\"Pin This Post\"><\/p>\n<p>Share<\/p>\n<p><\/a><br \/>\n\t\t\t\t\t\t\t\t\t\t\t\t<a href=\"mailto:?subject=Especialista \u2018arrasa\u2019 Daniela Santos ap\u00f3s recuar de desistir do Big Brother Ver\u00e3o&amp;BODY=I found this article interesting and thought of sharing it with you. Check it out: https:\/\/cusquices.com\/especialista-arrasa-daniela-santos-apos-recuar-de-desistir-do-big-brother-verao\/\"><\/p>\n<p>Email<\/p>\n<p><\/a><br \/>\n\t\t\t\t\t\t\t\t\t\t\t\t\t\t\t\t\t\t\t\t\t\t\t\t\t\t\t\t\t\t\t\t\t\t\t\t\t\t\t\t\t\t\t\t\t\t\t\t\t\t\t\t\t<a href=\"https:\/\/cusquices.com\/especialista-arrasa-daniela-santos-apos-recuar-de-desistir-do-big-brother-verao\/#respond\" rel=\"nofollow noopener\" target=\"_blank\"><\/p>\n<p>Daniela Santos teve uma gala dif\u00edcil, e j\u00e1 quase na reta final da gala foi chamada ao confession\u00e1rio, pois tinha manifestado \u00e0 produ\u00e7\u00e3o a inten\u00e7\u00e3o de desistir do reality show. Lavada em l\u00e1grimas, Daniela mostrou-se fragilizada e confessou estar indignada com as imagens que passaram, pois davam a ideia que ela \u00e9 que anda atr\u00e1s de Afonso: <strong>\u201cN\u00e3o gostei que o Jo\u00e3o tivesse entrado com a informa\u00e7\u00e3o que eu \u00e9 que tinha sido ainda pior para a J\u00e9ssica, que tivesse precisado que a J\u00e9ssica repusesse a verdade quando estava tudo distorcido<\/strong>.\u00a0<strong>A J\u00e9ssica nunca fez aqui figura de ot\u00e1ria, eu nunca fui m\u00e1 para a J\u00e9ssica. E se a J\u00e9ssica tivesse apanhado a boleia, eu tinha sido, e esse n\u00e3o fui, que eu acho que sim, que deve ter sido, queimada. Agora, aqui passam imagens que eu ando atr\u00e1s do Afonso quando h\u00e1 n\u00e3o sei quantos dias, ainda bem que as pessoas que estavam ao meu lado confirmam isso, \u00e9 ele que vem tentar resolver as coisas comigo. Portanto, o que \u00e9 que quero que eu lhe diga? Eu fa\u00e7o uma brincadeira que vem depois da dele e a minha \u00e9 que passa.\u201d<\/strong><\/p>\n<p>Daniela Santos foi confrontada pelo Big e por Maria Botelho Moniz sobre a sua inten\u00e7\u00e3o de abandonar o jogo. Apesar de demonstrar vontade de desistir \u2014 motivada, em parte, pelo facto de o seu filho celebrar o 5.\u00ba anivers\u00e1rio esta segunda-feira, 4 de agosto \u2014 a bailarina acabou por recuar na decis\u00e3o e optou por continuar em competi\u00e7\u00e3o.<\/p>\n<p>C\u00e1 fora, multiplicam-se as rea\u00e7\u00f5es e Susana Areal, especialista em comportamento humano n\u00e3o tardou a reagir e foi \u2018implac\u00e1vel\u2019 com <strong>Daniela Santos: \u201cDepois de mais uma cena, mais uma fita dram\u00e1tica. A Daniela decidiu ficar. Agora, permitam-me sair do papel de Profiler e falar como Susana, mulher e m\u00e3e. Esta decis\u00e3o diz muito sobre as prioridades da Daniela. Ela escolheu continuar num jogo onde s\u00f3 entrou para alimentar o pr\u00f3prio ego \u2013 para provar que era mais importante para um mi\u00fado de 24 anos do que outra mulher. Fora da casa, est\u00e1 o seu filho de 4 anos. Um filho que faz 5 anos hoje. E ainda assim, decidiu ficar.\u201d, <\/strong>come\u00e7ou por dizer.<\/p>\n<p><strong>\u201cN\u00e3o venham com a desculpa do \u201cestou a lutar por n\u00f3s\u201d \u2013 ela pr\u00f3pria j\u00e1 disse v\u00e1rias vezes que n\u00e3o precisa do BB para nada. Entrou para \u201cresgatar\u201d o Afonso da Catarina Miranda. N\u00e3o conseguiu. E agora, nem no dia do anivers\u00e1rio do filho, com toda a pol\u00e9mica \u00e0 volta da sua imagem, teve a humildade de sair. O ego gritou mais alto que o amor maternal. E isso, custa ver. Desculpem, mas tinha de desabafar.\u201d<\/strong>, rematou Susana Areal.<\/p>\n<p><img loading=\"lazy\" decoding=\"async\" width=\"580\" height=\"1024\" src=\"https:\/\/www.europesays.com\/pt\/wp-content\/uploads\/2025\/08\/especialista-daniela-580x1024.png\" alt=\"\" class=\"wp-image-97109 webpexpress-processed\"  \/><\/p>\n<p><strong>Leia tamb\u00e9m:<\/strong><\/p>\n<p>\t\t\t\t\t\t\t\t\t\t\t\t\t\t\t\t\t\t\t\t\t\t\t\t\t<img decoding=\"async\" src=\"https:\/\/www.europesays.com\/pt\/wp-content\/uploads\/2025\/07\/cusquices-logo-52x.png\" class=\"webpexpress-processed\"\/><\/p>\n<p>\t\t\t\t\t\t\t\t\t\t\t\t\t\t\t\t\t\t\t\t\t            \t\t\t\t\t\t\t\t\t\t\t\t\t\t\t\t\t\t\t\t\t\t\t\t\t\t\t\t\t\t\t\t\t\t\t\t\t\t\t<script async src=\"https:\/\/platform.twitter.com\/widgets.js\" charset=\"utf-8\"><\/script><\/p>\n","protected":false},"excerpt":{"rendered":"Share Tweet Share Share Email Daniela Santos teve uma gala dif\u00edcil, e j\u00e1 quase na reta final da&hellip;\n","protected":false},"author":2,"featured_media":16328,"comment_status":"","ping_status":"","sticky":false,"template":"","format":"standard","meta":{"footnotes":""},"categories":[8],"tags":[48,27,28,1397,49,15,16,14,25,26,21,22,12,13,19,20,32,23,24,33,17,18,29,30,31],"class_list":{"0":"post-16327","1":"post","2":"type-post","3":"status-publish","4":"format-standard","5":"has-post-thumbnail","7":"category-principais-noticias","8":"tag-big-brother","9":"tag-breaking-news","10":"tag-breakingnews","11":"tag-daniela-santos","12":"tag-destaques","13":"tag-featured-news","14":"tag-featurednews","15":"tag-headlines","16":"tag-latest-news","17":"tag-latestnews","18":"tag-main-news","19":"tag-mainnews","20":"tag-news","21":"tag-noticias","22":"tag-noticias-principais","23":"tag-noticiasprincipais","24":"tag-portugal","25":"tag-principais-noticias","26":"tag-principaisnoticias","27":"tag-pt","28":"tag-top-stories","29":"tag-topstories","30":"tag-ultimas","31":"tag-ultimas-noticias","32":"tag-ultimasnoticias"},"share_on_mastodon":{"url":"","error":""},"_links":{"self":[{"href":"https:\/\/www.europesays.com\/pt\/wp-json\/wp\/v2\/posts\/16327","targetHints":{"allow":["GET"]}}],"collection":[{"href":"https:\/\/www.europesays.com\/pt\/wp-json\/wp\/v2\/posts"}],"about":[{"href":"https:\/\/www.europesays.com\/pt\/wp-json\/wp\/v2\/types\/post"}],"author":[{"embeddable":true,"href":"https:\/\/www.europesays.com\/pt\/wp-json\/wp\/v2\/users\/2"}],"replies":[{"embeddable":true,"href":"https:\/\/www.europesays.com\/pt\/wp-json\/wp\/v2\/comments?post=16327"}],"version-history":[{"count":0,"href":"https:\/\/www.europesays.com\/pt\/wp-json\/wp\/v2\/posts\/16327\/revisions"}],"wp:featuredmedia":[{"embeddable":true,"href":"https:\/\/www.europesays.com\/pt\/wp-json\/wp\/v2\/media\/16328"}],"wp:attachment":[{"href":"https:\/\/www.europesays.com\/pt\/wp-json\/wp\/v2\/media?parent=16327"}],"wp:term":[{"taxonomy":"category","embeddable":true,"href":"https:\/\/www.europesays.com\/pt\/wp-json\/wp\/v2\/categories?post=16327"},{"taxonomy":"post_tag","embeddable":true,"href":"https:\/\/www.europesays.com\/pt\/wp-json\/wp\/v2\/tags?post=16327"}],"curies":[{"name":"wp","href":"https:\/\/api.w.org\/{rel}","templated":true}]}}