{"id":163272,"date":"2025-11-24T11:52:13","date_gmt":"2025-11-24T11:52:13","guid":{"rendered":"https:\/\/www.europesays.com\/pt\/163272\/"},"modified":"2025-11-24T11:52:13","modified_gmt":"2025-11-24T11:52:13","slug":"pgr-falha-entrega-de-relatorio-de-execucao-da-lei-de-politica-criminal","status":"publish","type":"post","link":"https:\/\/www.europesays.com\/pt\/163272\/","title":{"rendered":"PGR falha entrega de relat\u00f3rio de execu\u00e7\u00e3o da Lei de Pol\u00edtica Criminal"},"content":{"rendered":"<p><strong>A Procuradoria-Geral da Rep\u00fablica (PGR) voltou a falhar o prazo legal para entregar o relat\u00f3rio de execu\u00e7\u00e3o da Lei de Pol\u00edtica Criminal, segundo avan\u00e7a esta segunda-feira o <\/strong><a href=\"https:\/\/www.dn.pt\/sociedade\/pgr-volta-a-falhar-prazo-legal-para-entrega-do-relatrio-de-execuo-da-lei-de-poltica-criminal\" target=\"_blank\" rel=\"noreferrer noopener nofollow\"><strong>Di\u00e1rio de Not\u00edcias<\/strong><\/a><strong>.<\/strong><\/p>\n<p>A PGR justifica o atraso na entrega do relat\u00f3rio com <strong>falhas nos sistemas inform\u00e1ticos da justi\u00e7a<\/strong>, que obrigam \u00e0 consulta manual de milhares de inqu\u00e9ritos para garantir dados fi\u00e1veis.<\/p>\n<p>Segundo a lei, o documento, que representa um prestar de contas da PGR, devia <a href=\"https:\/\/www.pgdlisboa.pt\/leis\/lei_mostra_articulado.php?nid=808&amp;tabela=leis&amp;ficha=1&amp;pagina=1\" target=\"_blank\" rel=\"noreferrer noopener nofollow\">ter sido entregue at\u00e9 15 de outubro<\/a>.<\/p>\n<p>Esta <strong>n\u00e3o \u00e9 a primeira vez que o \u00f3rg\u00e3o se atrasa na entrega<\/strong> deste relat\u00f3rio que fixa objetivos, orienta\u00e7\u00f5es e prioridades para cada bi\u00e9nio.<\/p>\n<p>Tamb\u00e9m no relat\u00f3rio entre 2020 e 2022, o<strong> processo foi marcado por atrasos.<\/strong><\/p>\n","protected":false},"excerpt":{"rendered":"A Procuradoria-Geral da Rep\u00fablica (PGR) voltou a falhar o prazo legal para entregar o relat\u00f3rio de execu\u00e7\u00e3o da&hellip;\n","protected":false},"author":2,"featured_media":163273,"comment_status":"","ping_status":"","sticky":false,"template":"","format":"standard","meta":{"footnotes":""},"categories":[50],"tags":[27,28,15,16,14,25,26,21,22,62,12,13,19,20,23,24,17,18,29,30,31,63,64,65],"class_list":{"0":"post-163272","1":"post","2":"type-post","3":"status-publish","4":"format-standard","5":"has-post-thumbnail","7":"category-mundo","8":"tag-breaking-news","9":"tag-breakingnews","10":"tag-featured-news","11":"tag-featurednews","12":"tag-headlines","13":"tag-latest-news","14":"tag-latestnews","15":"tag-main-news","16":"tag-mainnews","17":"tag-mundo","18":"tag-news","19":"tag-noticias","20":"tag-noticias-principais","21":"tag-noticiasprincipais","22":"tag-principais-noticias","23":"tag-principaisnoticias","24":"tag-top-stories","25":"tag-topstories","26":"tag-ultimas","27":"tag-ultimas-noticias","28":"tag-ultimasnoticias","29":"tag-world","30":"tag-world-news","31":"tag-worldnews"},"share_on_mastodon":{"url":"https:\/\/pubeurope.com\/@pt\/115604537128882430","error":""},"_links":{"self":[{"href":"https:\/\/www.europesays.com\/pt\/wp-json\/wp\/v2\/posts\/163272","targetHints":{"allow":["GET"]}}],"collection":[{"href":"https:\/\/www.europesays.com\/pt\/wp-json\/wp\/v2\/posts"}],"about":[{"href":"https:\/\/www.europesays.com\/pt\/wp-json\/wp\/v2\/types\/post"}],"author":[{"embeddable":true,"href":"https:\/\/www.europesays.com\/pt\/wp-json\/wp\/v2\/users\/2"}],"replies":[{"embeddable":true,"href":"https:\/\/www.europesays.com\/pt\/wp-json\/wp\/v2\/comments?post=163272"}],"version-history":[{"count":0,"href":"https:\/\/www.europesays.com\/pt\/wp-json\/wp\/v2\/posts\/163272\/revisions"}],"wp:featuredmedia":[{"embeddable":true,"href":"https:\/\/www.europesays.com\/pt\/wp-json\/wp\/v2\/media\/163273"}],"wp:attachment":[{"href":"https:\/\/www.europesays.com\/pt\/wp-json\/wp\/v2\/media?parent=163272"}],"wp:term":[{"taxonomy":"category","embeddable":true,"href":"https:\/\/www.europesays.com\/pt\/wp-json\/wp\/v2\/categories?post=163272"},{"taxonomy":"post_tag","embeddable":true,"href":"https:\/\/www.europesays.com\/pt\/wp-json\/wp\/v2\/tags?post=163272"}],"curies":[{"name":"wp","href":"https:\/\/api.w.org\/{rel}","templated":true}]}}