{"id":163274,"date":"2025-11-24T11:53:56","date_gmt":"2025-11-24T11:53:56","guid":{"rendered":"https:\/\/www.europesays.com\/pt\/163274\/"},"modified":"2025-11-24T11:53:56","modified_gmt":"2025-11-24T11:53:56","slug":"pai-e-filha-menor-feridos-numa-colisao-frontal-em-coimbra-noticias-de-coimbra","status":"publish","type":"post","link":"https:\/\/www.europesays.com\/pt\/163274\/","title":{"rendered":"Pai e filha menor feridos numa colis\u00e3o frontal em Coimbra \u2013 Not\u00edcias de Coimbra"},"content":{"rendered":"<p><strong>Um acidente ocorrido ao final da tarde deste domingo, 23 de novembro, na Estrada da Beira, na zona do Cabouco, no concelho de Coimbra, provocou dois feridos e obrigou ao corte total da via nos dois sentidos.<\/strong><\/p>\n<p>A colis\u00e3o envolveu tr\u00eas viaturas \u2014 uma carrinha e dois ve\u00edculos ligeiros \u2014 e causou ainda um forte condicionamento do tr\u00e2nsito.<\/p>\n<p>Segundo o subchefe de 1.\u00aa dos Bombeiros Sapadores de Coimbra, Rui Pereira, o alerta foi dado \u201c\u00e0s 18:56\u201d.<\/p>\n<p>Tratou-se de \u201cuma colis\u00e3o frontal envolvendo tr\u00eas viaturas\u201d, da qual resultaram \u201cdois feridos leves\u201d, uma menina de cerca de oito anos de idade e um homem de 43. \u201cAmbos eram ocupantes da carrinha branca\u201d, frisou.<\/p>\n<p>O respons\u00e1vel confirmou que se tratavam de \u201cpai e filha, que seguiam no sentido Coimbra-Lous\u00e3\u201d. A menina foi transportada para o Hospital Pedi\u00e1trico e o pai para os HUC.<\/p>\n<p>As outras duas viaturas envolvidas circulavam em sentido contr\u00e1rio.<\/p>\n<p>Com o embate, uma delas acabou por sair da estrada e ficar imobilizada num talude. \u201cCom o impacto, um dos ve\u00edculos foi parar ao talude, onde ficou suspenso\u201d, explicou o subchefe. Para evitar que a viatura descesse a ravina, foi necess\u00e1rio proceder \u00e0 sua estabiliza\u00e7\u00e3o com recurso ao carro de desencarceramento dos Sapadores.<\/p>\n<p>Quanto aos condutores dos dois ve\u00edculos , Rui Pereira adiantou que \u201cambos foram acompanhados no local, mas rejeitaram ser transportados para a unidade hospitalar\u201d.<\/p>\n<p>A estrada esteve cortada nos dois sentidos, reabrindo por volta das 21:00 em apenas uma faixa.<\/p>\n<p>PUBLICIDADE<\/p>\n<p>\t\t\t<a class=\"publicidade-imagem d-flex justify-content-center\" href=\"https:\/\/jfsao.pt\/2025\/11\/20\/programa-do-171-o-aniversario-da-criacao-da-freguesia-de-santo-antonio-dos-olivais\/?fbclid=IwY2xjawOP6qBleHRuA2FlbQIxMABicmlkETA2WUREZENVNnNHenVpRmhIc3J0YwZhcHBfaWQQMjIyMDM5MTc4ODIwMDg5MgABHowdJbf48BOhpoKsZieNiLYY4-I_KIbjkrHWY-ywYjgDd1cWs0-cVj-VQIFy_aem_l6IqHsbPMDXxtNfinbJXqQ\" rel=\"nofollow noopener\" target=\"_blank\"><br \/>\n\t\t\t  <img loading=\"lazy\" decoding=\"async\" width=\"300\" height=\"424\" src=\"https:\/\/www.europesays.com\/pt\/wp-content\/uploads\/2025\/11\/olivais.jpg\" alt=\"publicidade\" class=\"img-fluid\"\/><br \/>\n\t\t\t<\/a><\/p>\n","protected":false},"excerpt":{"rendered":"Um acidente ocorrido ao final da tarde deste domingo, 23 de novembro, na Estrada da Beira, na zona&hellip;\n","protected":false},"author":2,"featured_media":163275,"comment_status":"","ping_status":"","sticky":false,"template":"","format":"standard","meta":{"footnotes":""},"categories":[10],"tags":[27,28,15,16,14,25,26,21,22,12,13,19,20,32,23,24,33,17,18,29,30,31],"class_list":{"0":"post-163274","1":"post","2":"type-post","3":"status-publish","4":"format-standard","5":"has-post-thumbnail","7":"category-portugal","8":"tag-breaking-news","9":"tag-breakingnews","10":"tag-featured-news","11":"tag-featurednews","12":"tag-headlines","13":"tag-latest-news","14":"tag-latestnews","15":"tag-main-news","16":"tag-mainnews","17":"tag-news","18":"tag-noticias","19":"tag-noticias-principais","20":"tag-noticiasprincipais","21":"tag-portugal","22":"tag-principais-noticias","23":"tag-principaisnoticias","24":"tag-pt","25":"tag-top-stories","26":"tag-topstories","27":"tag-ultimas","28":"tag-ultimas-noticias","29":"tag-ultimasnoticias"},"share_on_mastodon":{"url":"https:\/\/pubeurope.com\/@pt\/115604545088262339","error":""},"_links":{"self":[{"href":"https:\/\/www.europesays.com\/pt\/wp-json\/wp\/v2\/posts\/163274","targetHints":{"allow":["GET"]}}],"collection":[{"href":"https:\/\/www.europesays.com\/pt\/wp-json\/wp\/v2\/posts"}],"about":[{"href":"https:\/\/www.europesays.com\/pt\/wp-json\/wp\/v2\/types\/post"}],"author":[{"embeddable":true,"href":"https:\/\/www.europesays.com\/pt\/wp-json\/wp\/v2\/users\/2"}],"replies":[{"embeddable":true,"href":"https:\/\/www.europesays.com\/pt\/wp-json\/wp\/v2\/comments?post=163274"}],"version-history":[{"count":0,"href":"https:\/\/www.europesays.com\/pt\/wp-json\/wp\/v2\/posts\/163274\/revisions"}],"wp:featuredmedia":[{"embeddable":true,"href":"https:\/\/www.europesays.com\/pt\/wp-json\/wp\/v2\/media\/163275"}],"wp:attachment":[{"href":"https:\/\/www.europesays.com\/pt\/wp-json\/wp\/v2\/media?parent=163274"}],"wp:term":[{"taxonomy":"category","embeddable":true,"href":"https:\/\/www.europesays.com\/pt\/wp-json\/wp\/v2\/categories?post=163274"},{"taxonomy":"post_tag","embeddable":true,"href":"https:\/\/www.europesays.com\/pt\/wp-json\/wp\/v2\/tags?post=163274"}],"curies":[{"name":"wp","href":"https:\/\/api.w.org\/{rel}","templated":true}]}}