{"id":163276,"date":"2025-11-24T11:56:15","date_gmt":"2025-11-24T11:56:15","guid":{"rendered":"https:\/\/www.europesays.com\/pt\/163276\/"},"modified":"2025-11-24T11:56:15","modified_gmt":"2025-11-24T11:56:15","slug":"morreu-udo-kier-ator-de-o-agente-secreto-e-carne-para-frankenstein","status":"publish","type":"post","link":"https:\/\/www.europesays.com\/pt\/163276\/","title":{"rendered":"Morreu Udo Kier, ator de &#8220;O Agente Secreto&#8221; e &#8220;Carne para Frankenstein&#8221;"},"content":{"rendered":"<p class=\"category\"><a href=\"https:\/\/sicnoticias.pt\/cultura\" rel=\"nofollow noopener\" target=\"_blank\">Cultura<\/a><\/p>\n<p>Ator alem\u00e3o participou em quase 300 filmes em Hollywood e cinema europeu, al\u00e9m de videoclipes de Madonna. Tinha 81 anos. <\/p>\n<p><img decoding=\"async\" src=\"https:\/\/www.europesays.com\/pt\/wp-content\/uploads\/2025\/11\/1763985375_999_original.webp\" alt=\"Morreu Udo Kier, ator de &quot;O Agente Secreto&quot; e &quot;Carne para Frankenstein&quot;\"\/><\/p>\n<p>Willy Sanjuan<\/p>\n<p><strong>Morreu na manh\u00e3 deste domingo Udo Kier, ator alem\u00e3o <\/strong><strong>que colaborou com artistas como Andy Warhol, Lars von Trier e Madonna. A not\u00edcia foi confirmada pelo artista e companheiro de longa data Delbert McBride em declara\u00e7\u00f5es \u00e0 <\/strong><a href=\"https:\/\/variety.com\/2025\/film\/news\/udo-kier-dead-own-private-idaho-andy-warhol-frankenstein-1236590259\/\" target=\"_blank\" rel=\"noopener noreferrer nofollow\"><strong>Variety<\/strong><\/a><strong>. <\/strong><strong>As causas da morte n\u00e3o foram reveladas. <\/strong><\/p>\n<p>Com cerca de 275 obras no curr\u00edculo, destacam-se as colabora\u00e7\u00f5es de Kier com o diretor de cinema Warhol, como \u00e9 o caso de<strong> &#8220;Sangue para Dr\u00e1cula&#8221; (1974) ou &#8220;Carne para Frankenstein&#8221; (1973),<\/strong> ambos dirigidos por Paul Morrissey e produzidos por Warhol. <\/p>\n<p>Conhecido pelo olhar marcante, o ator alem\u00e3o participou ainda em <strong>&#8220;A Caminho de Idaho&#8221; (1991),<\/strong> uma obra que<strong> captou a aten\u00e7\u00e3o da rainha da pop, Madonna.  <\/strong>Kier surgiu no livro<strong> &#8220;Sex&#8221;, de Madonna, em 1992, e fez participa\u00e7\u00f5es nos videoclipes de &#8220;Erotica&#8221; e &#8220;Deeper and Deeper&#8221;. <\/strong><\/p>\n<p style=\"text-align: start;\">Mais recentemente, Kier participou no aclamado filme <strong>&#8220;O Agente Secreto&#8221;, de Kleber Mendon\u00e7a Filho. <\/strong>Do mesmo diretor de cinema brasileiro vale tamb\u00e9m referir o filme &#8220;Bacurau&#8221; onde o alem\u00e3o tamb\u00e9m teve um papel de destaque.<\/p>\n<p style=\"text-align: start;\">Udo nasceu na Col\u00f3nia, Alemanha, num hospital que estava a ser bombardeado pelas For\u00e7as Aliadas. Mudou-se para Londres aos 18 anos depois de conhecer Fassbinder, iretor de cinema e ator alem\u00e3, num bar.<\/p>\n","protected":false},"excerpt":{"rendered":"Cultura Ator alem\u00e3o participou em quase 300 filmes em Hollywood e cinema europeu, al\u00e9m de videoclipes de Madonna.&hellip;\n","protected":false},"author":2,"featured_media":163277,"comment_status":"","ping_status":"","sticky":false,"template":"","format":"standard","meta":{"footnotes":""},"categories":[145],"tags":[211,210,114,115,32,33],"class_list":{"0":"post-163276","1":"post","2":"type-post","3":"status-publish","4":"format-standard","5":"has-post-thumbnail","7":"category-celebridades","8":"tag-celebridades","9":"tag-celebrities","10":"tag-entertainment","11":"tag-entretenimento","12":"tag-portugal","13":"tag-pt"},"share_on_mastodon":{"url":"https:\/\/pubeurope.com\/@pt\/115604552866663897","error":""},"_links":{"self":[{"href":"https:\/\/www.europesays.com\/pt\/wp-json\/wp\/v2\/posts\/163276","targetHints":{"allow":["GET"]}}],"collection":[{"href":"https:\/\/www.europesays.com\/pt\/wp-json\/wp\/v2\/posts"}],"about":[{"href":"https:\/\/www.europesays.com\/pt\/wp-json\/wp\/v2\/types\/post"}],"author":[{"embeddable":true,"href":"https:\/\/www.europesays.com\/pt\/wp-json\/wp\/v2\/users\/2"}],"replies":[{"embeddable":true,"href":"https:\/\/www.europesays.com\/pt\/wp-json\/wp\/v2\/comments?post=163276"}],"version-history":[{"count":0,"href":"https:\/\/www.europesays.com\/pt\/wp-json\/wp\/v2\/posts\/163276\/revisions"}],"wp:featuredmedia":[{"embeddable":true,"href":"https:\/\/www.europesays.com\/pt\/wp-json\/wp\/v2\/media\/163277"}],"wp:attachment":[{"href":"https:\/\/www.europesays.com\/pt\/wp-json\/wp\/v2\/media?parent=163276"}],"wp:term":[{"taxonomy":"category","embeddable":true,"href":"https:\/\/www.europesays.com\/pt\/wp-json\/wp\/v2\/categories?post=163276"},{"taxonomy":"post_tag","embeddable":true,"href":"https:\/\/www.europesays.com\/pt\/wp-json\/wp\/v2\/tags?post=163276"}],"curies":[{"name":"wp","href":"https:\/\/api.w.org\/{rel}","templated":true}]}}