{"id":163290,"date":"2025-11-24T12:07:14","date_gmt":"2025-11-24T12:07:14","guid":{"rendered":"https:\/\/www.europesays.com\/pt\/163290\/"},"modified":"2025-11-24T12:07:14","modified_gmt":"2025-11-24T12:07:14","slug":"tgv-entre-porto-e-oia-coloca-casas-e-negocios-em-risco","status":"publish","type":"post","link":"https:\/\/www.europesays.com\/pt\/163290\/","title":{"rendered":"TGV entre Porto e Oi\u00e3 coloca casas e neg\u00f3cios em risco"},"content":{"rendered":"<p>                No Porto e em Gaia, a nova esta\u00e7\u00e3o para o TGV deve ficar em Vilar do Para\u00edso e muitos moradores afetados j\u00e1 receberam a not\u00edcia. Aguardam agora as cartas que devem trazer a not\u00edcia das demoli\u00e7\u00f5es.<br \/>\n          <img decoding=\"async\" itemprop=\"image\" class=\"img-fluid\"   src=\"https:\/\/www.europesays.com\/pt\/wp-content\/uploads\/2025\/11\/1763986034_970_bg_playeraudio_2.jpg\"\/><\/p>\n<p>Nuno Amaral &#8211; Antena 1<\/p>\n<p>Apesar de n\u00e3o haver datas nem um percurso ainda fechado para o TGV, os dias s\u00e3o dif\u00edceis para quem sente a casa ou o neg\u00f3cio em risco.<\/p>\n<p>Em Gaia, o presidente Lu\u00eds Filipe Meneses decidiu criar um grupo de trabalho para discutir o tra\u00e7ado do TGV no concelho.<\/p>\n<p>          <img decoding=\"async\" itemprop=\"image\" class=\"img-fluid\"   src=\"https:\/\/www.europesays.com\/pt\/wp-content\/uploads\/2025\/11\/1763986034_230_bg_playeraudio_5.jpg\"\/><\/p>\n<p>O autarca do Porto, Pedro Duarte, vai analisar esta semana o estado do projeto do TGV com a Infraestruturas de Portugal e com as empresas que v\u00e3o definir e construir a linha. <\/p>\n","protected":false},"excerpt":{"rendered":"No Porto e em Gaia, a nova esta\u00e7\u00e3o para o TGV deve ficar em Vilar do Para\u00edso e&hellip;\n","protected":false},"author":2,"featured_media":163291,"comment_status":"","ping_status":"","sticky":false,"template":"","format":"standard","meta":{"footnotes":""},"categories":[50],"tags":[27,28,15,16,14,25,26,21,22,62,12,13,19,20,462,23,24,19836,17,18,29,30,31,63,64,65],"class_list":{"0":"post-163290","1":"post","2":"type-post","3":"status-publish","4":"format-standard","5":"has-post-thumbnail","7":"category-mundo","8":"tag-breaking-news","9":"tag-breakingnews","10":"tag-featured-news","11":"tag-featurednews","12":"tag-headlines","13":"tag-latest-news","14":"tag-latestnews","15":"tag-main-news","16":"tag-mainnews","17":"tag-mundo","18":"tag-news","19":"tag-noticias","20":"tag-noticias-principais","21":"tag-noticiasprincipais","22":"tag-porto","23":"tag-principais-noticias","24":"tag-principaisnoticias","25":"tag-tgv","26":"tag-top-stories","27":"tag-topstories","28":"tag-ultimas","29":"tag-ultimas-noticias","30":"tag-ultimasnoticias","31":"tag-world","32":"tag-world-news","33":"tag-worldnews"},"share_on_mastodon":{"url":"https:\/\/pubeurope.com\/@pt\/115604596255227416","error":""},"_links":{"self":[{"href":"https:\/\/www.europesays.com\/pt\/wp-json\/wp\/v2\/posts\/163290","targetHints":{"allow":["GET"]}}],"collection":[{"href":"https:\/\/www.europesays.com\/pt\/wp-json\/wp\/v2\/posts"}],"about":[{"href":"https:\/\/www.europesays.com\/pt\/wp-json\/wp\/v2\/types\/post"}],"author":[{"embeddable":true,"href":"https:\/\/www.europesays.com\/pt\/wp-json\/wp\/v2\/users\/2"}],"replies":[{"embeddable":true,"href":"https:\/\/www.europesays.com\/pt\/wp-json\/wp\/v2\/comments?post=163290"}],"version-history":[{"count":0,"href":"https:\/\/www.europesays.com\/pt\/wp-json\/wp\/v2\/posts\/163290\/revisions"}],"wp:featuredmedia":[{"embeddable":true,"href":"https:\/\/www.europesays.com\/pt\/wp-json\/wp\/v2\/media\/163291"}],"wp:attachment":[{"href":"https:\/\/www.europesays.com\/pt\/wp-json\/wp\/v2\/media?parent=163290"}],"wp:term":[{"taxonomy":"category","embeddable":true,"href":"https:\/\/www.europesays.com\/pt\/wp-json\/wp\/v2\/categories?post=163290"},{"taxonomy":"post_tag","embeddable":true,"href":"https:\/\/www.europesays.com\/pt\/wp-json\/wp\/v2\/tags?post=163290"}],"curies":[{"name":"wp","href":"https:\/\/api.w.org\/{rel}","templated":true}]}}