{"id":163292,"date":"2025-11-24T12:08:08","date_gmt":"2025-11-24T12:08:08","guid":{"rendered":"https:\/\/www.europesays.com\/pt\/163292\/"},"modified":"2025-11-24T12:08:08","modified_gmt":"2025-11-24T12:08:08","slug":"corpo-encontrado-numa-zona-de-mato-em-oeiras-com-sinais-de-violencia","status":"publish","type":"post","link":"https:\/\/www.europesays.com\/pt\/163292\/","title":{"rendered":"Corpo encontrado numa zona de mato em Oeiras com sinais de viol\u00eancia"},"content":{"rendered":"<p data-remotead-prev-elm=\"true\" data-remotead-elm-id=\"inread\">A descoberta deu-se na tarde de ontem, domingo, e foi por um amigo da v\u00edtima, que residia com este e que, depois de o localizar sem vida, deslocou-se \u00e0 esquadra da PSP. O corpo encontrava-se num canavial na Estrada V\u00e1rzeas.<\/p>\n<p>De acordo com fonte da PSP, a testemunha deu conta na esquadra de Oeiras que o homem, de naturalidade cabo-verdiana, estava desaparecido desde a meia-noite de domingo, o que causou estranheza e que a levou a procur\u00e1-lo. A testemunha, de nacionalidade romena, encontrou-o de manh\u00e3, cerca das 10.30 horas.<\/p>\n<p>A PSP deslocou-se ao local indicado pela testemunha e encontrou o corpo com sinais de viol\u00eancia, mas sem documentos. Por essa raz\u00e3o, foi acionada a Pol\u00edcia Judici\u00e1ria de Lisboa, que investiga a pr\u00e1tica de crime.<\/p>\n","protected":false},"excerpt":{"rendered":"A descoberta deu-se na tarde de ontem, domingo, e foi por um amigo da v\u00edtima, que residia com&hellip;\n","protected":false},"author":2,"featured_media":163293,"comment_status":"","ping_status":"","sticky":false,"template":"","format":"standard","meta":{"footnotes":""},"categories":[10],"tags":[27,28,20779,3570,15,16,14,603,25,26,21,22,12,13,19,20,32,23,24,33,17,18,29,30,31],"class_list":{"0":"post-163292","1":"post","2":"type-post","3":"status-publish","4":"format-standard","5":"has-post-thumbnail","7":"category-portugal","8":"tag-breaking-news","9":"tag-breakingnews","10":"tag-concelho-oeiras","11":"tag-corpo","12":"tag-featured-news","13":"tag-featurednews","14":"tag-headlines","15":"tag-justica","16":"tag-latest-news","17":"tag-latestnews","18":"tag-main-news","19":"tag-mainnews","20":"tag-news","21":"tag-noticias","22":"tag-noticias-principais","23":"tag-noticiasprincipais","24":"tag-portugal","25":"tag-principais-noticias","26":"tag-principaisnoticias","27":"tag-pt","28":"tag-top-stories","29":"tag-topstories","30":"tag-ultimas","31":"tag-ultimas-noticias","32":"tag-ultimasnoticias"},"share_on_mastodon":{"url":"https:\/\/pubeurope.com\/@pt\/115604599815449698","error":""},"_links":{"self":[{"href":"https:\/\/www.europesays.com\/pt\/wp-json\/wp\/v2\/posts\/163292","targetHints":{"allow":["GET"]}}],"collection":[{"href":"https:\/\/www.europesays.com\/pt\/wp-json\/wp\/v2\/posts"}],"about":[{"href":"https:\/\/www.europesays.com\/pt\/wp-json\/wp\/v2\/types\/post"}],"author":[{"embeddable":true,"href":"https:\/\/www.europesays.com\/pt\/wp-json\/wp\/v2\/users\/2"}],"replies":[{"embeddable":true,"href":"https:\/\/www.europesays.com\/pt\/wp-json\/wp\/v2\/comments?post=163292"}],"version-history":[{"count":0,"href":"https:\/\/www.europesays.com\/pt\/wp-json\/wp\/v2\/posts\/163292\/revisions"}],"wp:featuredmedia":[{"embeddable":true,"href":"https:\/\/www.europesays.com\/pt\/wp-json\/wp\/v2\/media\/163293"}],"wp:attachment":[{"href":"https:\/\/www.europesays.com\/pt\/wp-json\/wp\/v2\/media?parent=163292"}],"wp:term":[{"taxonomy":"category","embeddable":true,"href":"https:\/\/www.europesays.com\/pt\/wp-json\/wp\/v2\/categories?post=163292"},{"taxonomy":"post_tag","embeddable":true,"href":"https:\/\/www.europesays.com\/pt\/wp-json\/wp\/v2\/tags?post=163292"}],"curies":[{"name":"wp","href":"https:\/\/api.w.org\/{rel}","templated":true}]}}