{"id":163294,"date":"2025-11-24T12:10:12","date_gmt":"2025-11-24T12:10:12","guid":{"rendered":"https:\/\/www.europesays.com\/pt\/163294\/"},"modified":"2025-11-24T12:10:12","modified_gmt":"2025-11-24T12:10:12","slug":"morre-udo-kier-ator-alemao-de-o-agente-secreto-aos-81-23-11-2025-ilustrada","status":"publish","type":"post","link":"https:\/\/www.europesays.com\/pt\/163294\/","title":{"rendered":"Morre Udo Kier, ator alem\u00e3o de O Agente Secreto, aos 81 &#8211; 23\/11\/2025 &#8211; Ilustrada"},"content":{"rendered":"<p>Morreu na manh\u00e3 deste domingo (23), aos 81 anos, o ator alem\u00e3o Udor Kier, atualmente em cartaz com &#8220;<a href=\"https:\/\/www1.folha.uol.com.br\/folha-topicos\/o-agente-secreto\/\" rel=\"nofollow noopener\" target=\"_blank\">O Agente Secreto<\/a>&#8221; e que havia estrelado &#8220;<a href=\"https:\/\/www1.folha.uol.com.br\/ilustrada\/2019\/08\/bacurau-e-feito-com-raiva-e-troca-a-sutileza-pelo-ataque-direto.shtml\" rel=\"nofollow noopener\" target=\"\">Bacurau<\/a>&#8220;, ambos filmes do pernambucano <a href=\"https:\/\/www1.folha.uol.com.br\/folha-topicos\/kleber-mendonca-filho\/\" rel=\"nofollow noopener\" target=\"_blank\">Kleber Mendon\u00e7a Filho<\/a> \u2014o \u00faltimo tamb\u00e9m tem dire\u00e7\u00e3o de Juliano Dornelles. A informa\u00e7\u00e3o foi confirmada por seu companheiro, o artista Delbert McBride, \u00e0 revista americana Variety.<\/p>\n<p>Detalhes sobre a causa da morte n\u00e3o foram divulgados. Kier, por\u00e9m, seguia como figura ativa no cinema mundial e com frequ\u00eancia fazia apari\u00e7\u00f5es p\u00fablicas. No ano passado, apareceu nas redes sociais de Mendon\u00e7a Filho, numa s\u00e9rie de fotos feitas pelo cineasta em Recife, enquanto preparava &#8220;O Agente Secreto&#8221;.<\/p>\n<p>Kier ganhou status cult ao trabalhar com alguns dos diretores mais importantes do cinema mundial, transitando por diversos g\u00eaneros e idiomas. No <a href=\"https:\/\/www1.folha.uol.com.br\/ilustrada\/2025\/05\/o-agente-secreto-de-kleber-mendonca-filho-vence-o-premio-de-direcao-em-cannes.shtml\" rel=\"nofollow noopener\" target=\"\">longa nacional premiado em Cannes<\/a>, alternou entre o alem\u00e3o e o portugu\u00eas, mesmo que carregado de sotaque, ao viver um judeu que se refugia no Brasil ap\u00f3s o fim da Segunda Guerra Mundial.<\/p>\n<p>Ao longo da carreira de quase seis d\u00e9cadas, Kier colecionou mais de 250 personagens de cinema e televis\u00e3o. Tamb\u00e9m virou figura pop ao manter la\u00e7os com artistas musicais como Madonna, Gwen Stefani, os Goo Goo Dolls e os membros do Supertramp, estrelando os clipes &#8220;Deeper and Deeper&#8221;, &#8220;Let Me Blow Ya Mind&#8221;, &#8220;You Win, I Lose&#8221; e &#8220;Naked&#8221;, nesta ordem.<\/p>\n<p>J\u00e1 com <a href=\"https:\/\/www1.folha.uol.com.br\/ilustrissima\/2025\/04\/warhol-se-apropriou-da-frivolidade-do-capitalismo-para-desconstruir-seus-icones.shtml\" rel=\"nofollow noopener\" target=\"\">Andy Warhol<\/a>, uma das figuras mais importantes da cena cultural do s\u00e9culo passado, estrelou &#8220;Sangue para Dr\u00e1cula&#8221;, de 1974, e &#8220;Carne para Frankenstein&#8221;, de 1973. Com produ\u00e7\u00e3o do artista americano por meio de sua Factory, os longas de Paul Morrissey escandalizaram, \u00e0 \u00e9poca, pela alta voltagem sexual, al\u00e9m da viol\u00eancia gr\u00e1fica. No segundo caso, o uso do ainda escasso efeito 3D potencializou o aspecto macabro da obra.<\/p>\n<p>O erotismo, ali\u00e1s, n\u00e3o era um problema para Kier, que mesmo em d\u00e9cadas mais conservadoras p\u00f4s seu corpo \u00e0 disposi\u00e7\u00e3o de fot\u00f3grafos e cineastas experimentais. Mais uma vez ao lado de Madonna, estrelou fotos provocativas de seu livro &#8220;Sex&#8221;, uma reuni\u00e3o de cliques pornogr\u00e1ficos de Steven Meisel e Fabien Baron.<\/p>\n<p>&#8220;Ela assistiu a &#8216;Garotos de Programa&#8217;, de Gus van Sant, e praticamente me alugou para as fotos. Ela \u00e9 um dos maiores fen\u00f4menos da cultura de nossos tempos, e mal conversamos durante as fotos. Mesmo assim, ainda participei do videoclipe de &#8216;Deeper and Deeper'&#8221;, <a href=\"https:\/\/feeds.folha.uol.com.br\/fsp\/ilustrad\/fq1211200106.htm\" rel=\"nofollow noopener\" target=\"\">disse ele a este jornal em 2001<\/a>, ao relembrar o projeto.<\/p>\n<p>Kier tamb\u00e9m foi transgressor em sua vida pessoal. Viveu sua homossexualidade de maneira p\u00fablica desde cedo, falando sobre o tema apesar do tabu que o cercava. Assim, se aproximou de diretores tamb\u00e9m gays, como Van Sant e <a href=\"https:\/\/www1.folha.uol.com.br\/fsp\/ilustrad\/fq2110200909.htm\" rel=\"nofollow noopener\" target=\"_blank\">Rainer Werner Fassbinder<\/a>, com quem viveu um romance na juventude e com quem fez &#8220;Lola&#8221;, &#8220;Lili Marleen&#8221; e &#8220;A Terceira Gera\u00e7\u00e3o&#8221;.<\/p>\n<p>O alem\u00e3o trabalhou ainda com outros dos maiores cineastas de seu pa\u00eds, <a href=\"https:\/\/www1.folha.uol.com.br\/ilustrada\/2024\/07\/werner-herzog-lembra-bastidores-espantosos-de-filmes-em-suas-memorias.shtml\" rel=\"nofollow noopener\" target=\"_blank\">Werner Herzog<\/a> e <a href=\"https:\/\/www1.folha.uol.com.br\/ilustrada\/2025\/08\/melhores-filmes-de-wim-wenders-80-questionam-o-que-e-o-proprio-cinema.shtml\" rel=\"nofollow noopener\" target=\"_blank\">Wim Wenders<\/a>, em &#8220;Meu Filho, Olha o Que Fizeste!&#8221;, no caso do primeiro, e &#8220;O Fim da Viol\u00eancia&#8221; e &#8220;Um Truque de Luz&#8221;, no segundo. J\u00e1 na filmografia do italiano <a href=\"https:\/\/m.folha.uol.com.br\/ilustrada\/2014\/08\/1498629-mestre-do-horror-dario-argento-e-homenageado-em-locarno.shtml\" rel=\"nofollow noopener\" target=\"_blank\">Dario Argento<\/a>, aparece em &#8220;Susp\u00edria&#8221;.<\/p>\n<p>Foi com o <a href=\"https:\/\/m.folha.uol.com.br\/ilustrada\/2011\/10\/986400-controverso-lars-von-trier-e-tema-de-retrospectiva-em-sp.shtml\" rel=\"nofollow noopener\" target=\"_blank\">pol\u00eamico diretor dinamarqu\u00eas Lars von Trier<\/a>, por\u00e9m, que Kier manteve uma de suas parcerias mais f\u00e9rteis. Ao seu lado, encarnou personagens de &#8220;Epidemia&#8221;, &#8220;Med\u00e9ia&#8221;, &#8220;Europa&#8221;, &#8220;<a href=\"https:\/\/www1.folha.uol.com.br\/fsp\/ilustrad\/fq070724.htm\" rel=\"nofollow noopener\" target=\"_blank\">Ondas do Destino<\/a>&#8220;, &#8220;<a href=\"https:\/\/www1.folha.uol.com.br\/fsp\/ilustrad\/fq2410200029.htm\" rel=\"nofollow noopener\" target=\"_blank\">Dan\u00e7ando no Escuro<\/a>&#8220;, &#8220;<a href=\"https:\/\/www1.folha.uol.com.br\/ilustrada\/1236129-critica-dogville-e-um-ataque-bem-humorado-a-boa-vontade.shtml\" rel=\"nofollow noopener\" target=\"_blank\">Dogville<\/a>&#8220;, &#8220;<a href=\"https:\/\/www1.folha.uol.com.br\/fsp\/ilustrad\/fq2510200515.htm\" rel=\"nofollow noopener\" target=\"_blank\">Manderlay<\/a>&#8220;, &#8220;<a href=\"https:\/\/www1.folha.uol.com.br\/fsp\/ilustrad\/fq0508201121.htm\" rel=\"nofollow noopener\" target=\"_blank\">Melancolia<\/a>&#8220;, &#8220;<a href=\"https:\/\/m.folha.uol.com.br\/ilustrada\/2015\/02\/1587503-critica-obra-prima-ninfomaniaca-esta-longe-de-ser-filme-porno.shtml\" rel=\"nofollow noopener\" target=\"_blank\">Ninfoman\u00edaca<\/a>&#8221; e da s\u00e9rie &#8220;<a href=\"https:\/\/www1.folha.uol.com.br\/fsp\/ilustrad\/fq3005200413.htm\" rel=\"nofollow noopener\" target=\"_blank\">O Reino<\/a>&#8220;.<\/p>\n<p>Ele tamb\u00e9m integrou o elenco de &#8220;Dimension&#8221;, projeto de longa dura\u00e7\u00e3o de Von Trier que come\u00e7ou a ser gravado em 1991 e deveria estrear em 2024, mas acabou sendo interrompido e lan\u00e7ado de forma n\u00e3o finalizada em 2010, em DVD.<\/p>\n<p>Nem por isso Kier deixou o cinema mais comercial de lado. Afeito aos filmes de g\u00eanero, estrelou &#8220;Armageddon&#8221;, de Michael Bay, &#8220;Halloween &#8211; O In\u00edcio&#8221;, de Rob Zombie, e &#8220;Blade: O Ca\u00e7ador de Vampiros&#8221;, de Stephen Norrington, um entre seus v\u00e1rios <a href=\"https:\/\/www1.folha.uol.com.br\/ilustrada\/2022\/03\/cem-anos-apos-nosferatu-vampiros-viraram-galas-e-icones-de-geracao-oprimida.shtml\" rel=\"nofollow noopener\" target=\"\">filmes de vampiro<\/a>, numa heran\u00e7a do trabalho em &#8220;Sangue para Dr\u00e1cula&#8221;.<\/p>\n<p>Em seus planos estava ainda protagonizar o novo jogo do japon\u00eas Hideo Kojima, o terror &#8220;OD&#8221;, em parceria com Jordan Peele, em mais uma prova de sua versatilidade pop, al\u00e9m de meia d\u00fazia de filmes em diferentes est\u00e1gios de desenvolvimento.<\/p>\n<p>Um dos trabalhos mais premiados de Kier foi o recente &#8220;Brilho para a Eternidade&#8221;, filme de Todd Stephens lan\u00e7ado h\u00e1 quatro anos, em que viveu um cabeleireiro gay idoso que peregrina por uma cidadezinha para fazer o \u00faltimo corte de cabelo de uma antiga cliente que morreu.<\/p>\n<p>Gra\u00e7as a essa proximidade com o cinema queer, que por vezes o levou a longas de nicho de qualidade duvidosa, recebeu um Teddy, pr\u00eamio voltado ao cinema queer, especial no Festival de Berlim, h\u00e1 uma d\u00e9cada.<\/p>\n<p>Na mesma <a href=\"https:\/\/feeds.folha.uol.com.br\/fsp\/ilustrad\/fq1211200106.htm\" rel=\"nofollow noopener\" target=\"\">entrevista \u00e0 <strong>Folha <\/strong>de 2001<\/a>, em meio \u00e0 homenagem que receberia na nona edi\u00e7\u00e3o do Festival MixBrasil, voltado \u00e0 cultura LGBTQIA+, Kier pediu que lhe arranjassem um diretor brasileiro com quem trabalhar \u2014a espera seria longa e o desejo s\u00f3 se concretizaria com &#8220;Bacurau&#8221;\u2014 e sintetizou os tipos que viveu ao longo da vida: &#8220;Eu gosto de decad\u00eancia, adoro tudo o que \u00e9 decadente&#8221;.<\/p>\n","protected":false},"excerpt":{"rendered":"Morreu na manh\u00e3 deste domingo (23), aos 81 anos, o ator alem\u00e3o Udor Kier, atualmente em cartaz com&hellip;\n","protected":false},"author":2,"featured_media":163295,"comment_status":"","ping_status":"","sticky":false,"template":"","format":"standard","meta":{"footnotes":""},"categories":[145],"tags":[211,210,470,6724,114,115,236,2153,2158,32,33],"class_list":{"0":"post-163294","1":"post","2":"type-post","3":"status-publish","4":"format-standard","5":"has-post-thumbnail","7":"category-celebridades","8":"tag-celebridades","9":"tag-celebrities","10":"tag-cinema","11":"tag-cinema-brasileiro","12":"tag-entertainment","13":"tag-entretenimento","14":"tag-folha","15":"tag-kleber-mendonca-filho","16":"tag-o-agente-secreto","17":"tag-portugal","18":"tag-pt"},"share_on_mastodon":{"url":"https:\/\/pubeurope.com\/@pt\/115604607658726037","error":""},"_links":{"self":[{"href":"https:\/\/www.europesays.com\/pt\/wp-json\/wp\/v2\/posts\/163294","targetHints":{"allow":["GET"]}}],"collection":[{"href":"https:\/\/www.europesays.com\/pt\/wp-json\/wp\/v2\/posts"}],"about":[{"href":"https:\/\/www.europesays.com\/pt\/wp-json\/wp\/v2\/types\/post"}],"author":[{"embeddable":true,"href":"https:\/\/www.europesays.com\/pt\/wp-json\/wp\/v2\/users\/2"}],"replies":[{"embeddable":true,"href":"https:\/\/www.europesays.com\/pt\/wp-json\/wp\/v2\/comments?post=163294"}],"version-history":[{"count":0,"href":"https:\/\/www.europesays.com\/pt\/wp-json\/wp\/v2\/posts\/163294\/revisions"}],"wp:featuredmedia":[{"embeddable":true,"href":"https:\/\/www.europesays.com\/pt\/wp-json\/wp\/v2\/media\/163295"}],"wp:attachment":[{"href":"https:\/\/www.europesays.com\/pt\/wp-json\/wp\/v2\/media?parent=163294"}],"wp:term":[{"taxonomy":"category","embeddable":true,"href":"https:\/\/www.europesays.com\/pt\/wp-json\/wp\/v2\/categories?post=163294"},{"taxonomy":"post_tag","embeddable":true,"href":"https:\/\/www.europesays.com\/pt\/wp-json\/wp\/v2\/tags?post=163294"}],"curies":[{"name":"wp","href":"https:\/\/api.w.org\/{rel}","templated":true}]}}