{"id":163303,"date":"2025-11-24T12:19:24","date_gmt":"2025-11-24T12:19:24","guid":{"rendered":"https:\/\/www.europesays.com\/pt\/163303\/"},"modified":"2025-11-24T12:19:24","modified_gmt":"2025-11-24T12:19:24","slug":"black-friday-o-galaxy-s25-ultra-caiu-para-769e-nada-mal","status":"publish","type":"post","link":"https:\/\/www.europesays.com\/pt\/163303\/","title":{"rendered":"Black Friday. O Galaxy S25 Ultra caiu para 769\u20ac. Nada mal!"},"content":{"rendered":"<p>O Galaxy S25 Ultra est\u00e1 no fim de ciclo, e como tal, \u00e9 um dos grandes alvos da Black Friday e campanhas natal\u00edcias. \u00c9 muito provavelmente a melhor altura para o comprar, porque apesar de o S26 j\u00e1 espreitar, a verdade \u00e9 que o S25 Ultra continua a ser um smartphone incr\u00edvel, e como tal, capaz de aguentar muitos e bons anos nas suas m\u00e3os.<\/p>\n<p><strong>Est\u00e1 a 769\u20ac em lojas Nacionais! (<a href=\"https:\/\/www.kuantokusta.pt\/search?q=s25%20ultra\" rel=\"nofollow noopener\" target=\"_blank\">Link<\/a>)<\/strong><\/p>\n<p><strong>Black Friday. O Galaxy S25 Ultra caiu para 769\u20ac. Nada mal!<\/strong><\/p>\n<p><img fetchpriority=\"high\" decoding=\"async\" class=\"aligncenter size-full wp-image-333647\" src=\"data:image\/svg+xml,%3Csvg%20xmlns=\" http:=\"\" alt=\"galaxy s25: samsung continua a ser incr\u00edvel com &quot;leaks&quot;!\" width=\"1540\" height=\"866\" data-lazy- data-lazy- data-lazy-src=\"https:\/\/www.europesays.com\/pt\/wp-content\/uploads\/2025\/11\/s25-ultra-1.jpg\"\/><\/p>\n<p>Estamos a falar de uma descida muito significativa, visto que o pre\u00e7o de lan\u00e7amento da vers\u00e3o base \u00e9 de 1499\u20ac. O que claro est\u00e1, torna esta promo\u00e7\u00e3o uma das mais agressivas desde o lan\u00e7amento.<\/p>\n<p><strong>Um upgrade pequeno ano a ano, gigante depois de 3 ou 4 anos<\/strong><\/p>\n<p>O S25 Ultra n\u00e3o \u00e9 uma revolu\u00e7\u00e3o face ao modelo anterior. E, apesar das muitas cr\u00edticas que fiz, n\u00e3o precisa de ser.<\/p>\n<p>O mercado est\u00e1 maduro e ningu\u00e9m troca de topo todos os anos. A evolu\u00e7\u00e3o \u00e9 feita aos poucos para que, quando finalmente decides atualizar ap\u00f3s tr\u00eas ou quatro anos, sintas um salto enorme.<\/p>\n<p>Este ano, esse salto chega em forma de ecr\u00e3 maior de 6.9 polegadas gra\u00e7as \u00e0s margens 15% mais finas, mantendo o corpo ainda mais compacto. O processador continua a ser o Snapdragon 8 Elite for Galaxy, uma vers\u00e3o personalizada pela Samsung e n\u00e3o apenas um overclock. H\u00e1 ainda 12 GB de RAM e 256 GB de armazenamento, com a op\u00e7\u00e3o de 512 GB tamb\u00e9m dispon\u00edvel.<\/p>\n<p><strong>Um topo de gama pensado para durar anos<\/strong><\/p>\n<p>A Samsung compromete-se a dar sete anos de atualiza\u00e7\u00f5es. Isto significa que, comprando o S25 Ultra agora, tens garantias de que o equipamento vai receber vers\u00f5es novas de Android e patches de seguran\u00e7a durante muito tempo. Numa altura em que o investimento num smartphone topo de gama tem de render, este \u00e9 um dos argumentos mais fortes.<\/p>\n<p>Se est\u00e1s com d\u00favida se vale a pena aproveitar a promo\u00e7\u00e3o, tens sempre a an\u00e1lise completa ao Galaxy S25 Ultra para confirmar se \u00e9 o equipamento certo para ti.<\/p>\n<p><strong>Mas 769\u20ac por este smartphone? \u00c9 daquelas oportunidades que n\u00e3o aparecem duas vezes.<\/strong><\/p>\n<p class=\"leak-fb-title\">\ud83d\udd25 Este artigo foi \u00fatil?<\/p>\n<p>\n            \ud83d\udc4d Sim<br \/>\n            \ud83d\udc4e N\u00e3o\n          <\/p>\n<p class=\"leak-fb-stats\" aria-live=\"polite\">\n                          S\u00ea o primeiro a votar \ud83d\ude42\n                      <\/p>\n","protected":false},"excerpt":{"rendered":"O Galaxy S25 Ultra est\u00e1 no fim de ciclo, e como tal, \u00e9 um dos grandes alvos da&hellip;\n","protected":false},"author":2,"featured_media":163304,"comment_status":"","ping_status":"","sticky":false,"template":"","format":"standard","meta":{"footnotes":""},"categories":[84],"tags":[109,107,108,32,33,105,103,104,106,110],"class_list":{"0":"post-163303","1":"post","2":"type-post","3":"status-publish","4":"format-standard","5":"has-post-thumbnail","7":"category-ciencia-e-tecnologia","8":"tag-ciencia","9":"tag-ciencia-e-tecnologia","10":"tag-cienciaetecnologia","11":"tag-portugal","12":"tag-pt","13":"tag-science","14":"tag-science-and-technology","15":"tag-scienceandtechnology","16":"tag-technology","17":"tag-tecnologia"},"share_on_mastodon":{"url":"https:\/\/pubeurope.com\/@pt\/115604643067157060","error":""},"_links":{"self":[{"href":"https:\/\/www.europesays.com\/pt\/wp-json\/wp\/v2\/posts\/163303","targetHints":{"allow":["GET"]}}],"collection":[{"href":"https:\/\/www.europesays.com\/pt\/wp-json\/wp\/v2\/posts"}],"about":[{"href":"https:\/\/www.europesays.com\/pt\/wp-json\/wp\/v2\/types\/post"}],"author":[{"embeddable":true,"href":"https:\/\/www.europesays.com\/pt\/wp-json\/wp\/v2\/users\/2"}],"replies":[{"embeddable":true,"href":"https:\/\/www.europesays.com\/pt\/wp-json\/wp\/v2\/comments?post=163303"}],"version-history":[{"count":0,"href":"https:\/\/www.europesays.com\/pt\/wp-json\/wp\/v2\/posts\/163303\/revisions"}],"wp:featuredmedia":[{"embeddable":true,"href":"https:\/\/www.europesays.com\/pt\/wp-json\/wp\/v2\/media\/163304"}],"wp:attachment":[{"href":"https:\/\/www.europesays.com\/pt\/wp-json\/wp\/v2\/media?parent=163303"}],"wp:term":[{"taxonomy":"category","embeddable":true,"href":"https:\/\/www.europesays.com\/pt\/wp-json\/wp\/v2\/categories?post=163303"},{"taxonomy":"post_tag","embeddable":true,"href":"https:\/\/www.europesays.com\/pt\/wp-json\/wp\/v2\/tags?post=163303"}],"curies":[{"name":"wp","href":"https:\/\/api.w.org\/{rel}","templated":true}]}}