{"id":163305,"date":"2025-11-24T12:21:27","date_gmt":"2025-11-24T12:21:27","guid":{"rendered":"https:\/\/www.europesays.com\/pt\/163305\/"},"modified":"2025-11-24T12:21:27","modified_gmt":"2025-11-24T12:21:27","slug":"os-microplasticos-estao-em-todo-o-lado-mas-e-possivel-evita-los-microplasticos","status":"publish","type":"post","link":"https:\/\/www.europesays.com\/pt\/163305\/","title":{"rendered":"Os micropl\u00e1sticos est\u00e3o em todo o lado, mas \u00e9 poss\u00edvel evit\u00e1-los | Micropl\u00e1sticos"},"content":{"rendered":"<p>Se estiver preocupado com micropl\u00e1sticos, parece n\u00e3o haver escapat\u00f3ria \u00e0 nossa volta \u2013 as part\u00edculas min\u00fasculas podem desprender-se da roupa de poli\u00e9ster e rodopiar no ar dentro de casa, ou libertar-se das embalagens de comida para levar, entrando nos alimentos ali contidos.<\/p>\n<p>Mas, \u00e0 medida que os cientistas se concentram nas fontes <a href=\"https:\/\/www.publico.pt\/2022\/05\/14\/infografia\/sao-microplasticos-perigos-703#\" rel=\"nofollow noopener\" target=\"_blank\">micropl\u00e1sticos<\/a> (e na forma como entram no corpo humano), h\u00e1 um factor que se destaca: estudos sobre o t\u00f3pico indicam cada vez mais que os micropl\u00e1sticos s\u00e3o libertados pela exposi\u00e7\u00e3o ao calor.<\/p>\n<p>\u201cO calor desempenha provavelmente o papel mais importante na liberta\u00e7\u00e3o destes micro e <a href=\"https:\/\/www.publico.pt\/2024\/08\/03\/ciencia\/opiniao\/nanoplasticos-plastinacao-vida-2099359\" rel=\"nofollow noopener\" target=\"_blank\">nanopl\u00e1sticos<\/a>\u201d, afirmou Kazi Albab Hussain, investigador de p\u00f3s-doutoramento na Universidade de Nebraska-Lincoln, nos Estados Unidos (EUA).<\/p>\n<p>Se deitar caf\u00e9 num copo isot\u00e9rmico descart\u00e1vel, min\u00fasculos peda\u00e7os do copo ir\u00e3o infiltrar-se na pr\u00f3pria bebida. Se preparar um ch\u00e1, milh\u00f5es de micropl\u00e1sticos de saqueta de ch\u00e1 passar\u00e3o para o conte\u00fado da ch\u00e1vena. Ao lavar a sua roupa de poli\u00e9ster a alta temperatura, os t\u00eaxteis podem come\u00e7ar a desfazer-se, enviando os micropl\u00e1sticos para o abastecimento de \u00e1gua.<\/p>\n<p>Num estudo recente realizado por investigadores da Universidade de Birmingham, em Inglaterra, os cientistas analisaram 31 bebidas diferentes \u00e0 venda no mercado do Reino Unido, desde sumos de fruta e refrigerantes a caf\u00e9 e ch\u00e1. Embora todas as bebidas contivessem, em m\u00e9dia, pelo menos uma d\u00fazia de part\u00edculas de micropl\u00e1stico, o n\u00famero mais elevado encontrava-se, de longe, nas bebidas quentes.<\/p>\n<p>O ch\u00e1 quente, por exemplo, tinha uma m\u00e9dia de 60 part\u00edculas por litro, enquanto o ch\u00e1 gelado tinha 31 part\u00edculas. J\u00e1 o caf\u00e9 quente apresentava 43 part\u00edculas por litro, e o caf\u00e9 gelado cerca de 37.<\/p>\n<p>        &#13;<\/p>\n<p>&#13;<br \/>\n                &#13;\n            <\/p>\n<p>&#13;<\/p>\n<p>Calor facilita a lixivia\u00e7\u00e3o<\/p>\n<p>Segundo Mohamed Abdallah, professor de geografia e contaminantes emergentes na Universidade de Birmingham e um dos autores do estudo, estas part\u00edculas prov\u00eam de uma s\u00e9rie de fontes, como a tampa de pl\u00e1stico de uma ch\u00e1vena de caf\u00e9 descart\u00e1vel, ou os pequenos peda\u00e7os de pl\u00e1stico que revestem uma saqueta de ch\u00e1. Mas quando a \u00e1gua quente \u00e9 adicionada \u00e0 mistura, a taxa de liberta\u00e7\u00e3o de micropl\u00e1sticos aumenta.<\/p>\n<p>\u201cO calor facilita a lixivia\u00e7\u00e3o dos micropl\u00e1sticos dos materiais de embalagem\u201d, afirmou Mohamed Abdallah.<\/p>\n<p>O efeito foi ainda maior em pl\u00e1sticos mais antigos e degradados: o caf\u00e9 quente preparado numa m\u00e1quina de caf\u00e9 dom\u00e9stica com oito anos e com componentes de pl\u00e1stico tinha duas vezes mais micropl\u00e1sticos do que o caf\u00e9 preparado numa m\u00e1quina com apenas seis meses.<\/p>\n<p>Esse estudo analisou apenas micropl\u00e1sticos com um tamanho inferior a 10 micr\u00f3metros (ou cerca de um quinto da largura de um cabelo humano). Mas outros estudos encontraram os mesmos resultados com nanopl\u00e1sticos ainda mais pequenos, definidos como part\u00edculas de pl\u00e1stico com menos de um micr\u00f3metro de di\u00e2metro.<\/p>\n<p>Alimentos para beb\u00e9s<\/p>\n<p>Cientistas da Universidade de Nebraska-Lincoln, incluindo Hussain, analisaram pequenos frascos e recipientes de pl\u00e1stico utilizados para armazenar alimentos para beb\u00e9s e descobriram que os recipientes podiam libertar mais de dois mil milh\u00f5es de nanopl\u00e1sticos por cent\u00edmetro quadrado quando aquecidos no microondas \u2013 um valor significativamente maior do que quando armazenados \u00e0 temperatura ambiente ou no frigor\u00edfico.<\/p>\n<p>O mesmo efeito foi demonstrado em estudos que analisaram a forma como a roupa produz micropl\u00e1sticos. Os cientistas descobriram que temperaturas de lavagem mais elevadas levam \u00e0 liberta\u00e7\u00e3o de mais pl\u00e1sticos min\u00fasculos das roupas sint\u00e9ticas.<\/p>\n<p>O calor, explicou Kazi Albab \u200bHussain, \u00e9 simplesmente mau para o pl\u00e1stico, especialmente para o pl\u00e1stico utilizado para armazenar alimentos e bebidas. Nem todos os pl\u00e1sticos t\u00eam cadeias de pol\u00edmeros perfeitamente formadas \u2013 em qualquer copo ou jarro de pl\u00e1stico podem existir defeitos, protuber\u00e2ncias e sali\u00eancias que, quando atingidas pelo calor, fazem com que o pol\u00edmero se parta em peda\u00e7os mais pequenos.<\/p>\n<p>\u201cO calor pode efectivamente vibrar a cadeia, levando \u00e0 quebra dos pol\u00edmeros\u201d, disse Kazi Albab \u200bHussain.<\/p>\n<p>        &#13;<\/p>\n<p>&#13;<br \/>\n                &#13;\n            <\/p>\n<p>&#13;<\/p>\n<p>Poss\u00edveis impactos negativos na sa\u00fade<\/p>\n<p>Os cientistas ainda n\u00e3o sabem exactamente quais s\u00e3o os efeitos para a sa\u00fade da <a href=\"https:\/\/www.publico.pt\/2025\/03\/23\/azul\/noticia\/comer-beber-menos-microplasticos-2126899\" rel=\"nofollow noopener\" target=\"_blank\">ingest\u00e3o de micropl\u00e1sticos<\/a>. Embora as min\u00fasculas part\u00edculas tenham sido encontradas no <a href=\"https:\/\/www.publico.pt\/2022\/03\/24\/ciencia\/noticia\/detectado-microplastico-sangue-humano-primeira-2000063\" rel=\"nofollow noopener\" target=\"_blank\">sangue<\/a>, no <a href=\"https:\/\/www.publico.pt\/2025\/02\/05\/azul\/noticia\/cientistas-encontraram-niveis-alarmantes-fragmentos-plasticos-cerebro-humano-2121203\" rel=\"nofollow noopener\" target=\"_blank\">c\u00e9rebro<\/a> e nos pulm\u00f5es, os cientistas ainda est\u00e3o a tentar perceber como podem provocar doen\u00e7as.<\/p>\n<p>Mas h\u00e1 alguns ind\u00edcios de que as part\u00edculas t\u00eam efeitos nocivos. Ratos expostos a grandes quantidades de micropl\u00e1sticos mostraram sinais de doen\u00e7a de Alzheimer e dem\u00eancia; micropl\u00e1sticos e nanopl\u00e1sticos numa art\u00e9ria-chave foram associados a um <a href=\"https:\/\/www.publico.pt\/2024\/12\/25\/azul\/noticia\/saude-sabemos-possivel-ligacao-microplasticos-cancro-2116255\" rel=\"nofollow noopener\" target=\"_blank\">maior risco<\/a> de acidente vascular cerebral, doen\u00e7a card\u00edaca e morte.<\/p>\n<p>As part\u00edculas podem tamb\u00e9m transportar consigo subst\u00e2ncias qu\u00edmicas pl\u00e1sticas que t\u00eam sido associadas a problemas de desenvolvimento em crian\u00e7as pequenas e \u00e0 infertilidade numa fase posterior da vida.<\/p>\n<p>No mundo actual, livrar-se totalmente do pl\u00e1stico parece quase imposs\u00edvel. Mas os investigadores que trabalham com micropl\u00e1sticos afirmam que manter o pl\u00e1stico afastado do calor \u00e9 uma forma de reduzir substancialmente a sua exposi\u00e7\u00e3o ao material.<\/p>\n<p>Kazi Albab Hussain, que tem filhos pequenos, deixou de colocar qualquer coisa de pl\u00e1stico no microondas; tamb\u00e9m j\u00e1 n\u00e3o deita \u00e1gua quente ou ch\u00e1 quente em recipientes de pl\u00e1stico. \u201cTentamos evitar qualquer tipo de exposi\u00e7\u00e3o ao calor\u201d, afirma o investigador.<\/p>\n","protected":false},"excerpt":{"rendered":"Se estiver preocupado com micropl\u00e1sticos, parece n\u00e3o haver escapat\u00f3ria \u00e0 nossa volta \u2013 as part\u00edculas min\u00fasculas podem desprender-se&hellip;\n","protected":false},"author":2,"featured_media":163306,"comment_status":"","ping_status":"","sticky":false,"template":"","format":"standard","meta":{"footnotes":""},"categories":[50],"tags":[785,27,28,2834,15,16,14,25,26,21,22,5630,62,12,13,19,20,5818,119,23,24,117,17,18,29,30,31,63,64,65],"class_list":{"0":"post-163305","1":"post","2":"type-post","3":"status-publish","4":"format-standard","5":"has-post-thumbnail","7":"category-mundo","8":"tag-azul","9":"tag-breaking-news","10":"tag-breakingnews","11":"tag-calor","12":"tag-featured-news","13":"tag-featurednews","14":"tag-headlines","15":"tag-latest-news","16":"tag-latestnews","17":"tag-main-news","18":"tag-mainnews","19":"tag-microplasticos","20":"tag-mundo","21":"tag-news","22":"tag-noticias","23":"tag-noticias-principais","24":"tag-noticiasprincipais","25":"tag-plastico","26":"tag-poluicao","27":"tag-principais-noticias","28":"tag-principaisnoticias","29":"tag-saude","30":"tag-top-stories","31":"tag-topstories","32":"tag-ultimas","33":"tag-ultimas-noticias","34":"tag-ultimasnoticias","35":"tag-world","36":"tag-world-news","37":"tag-worldnews"},"share_on_mastodon":{"url":"https:\/\/pubeurope.com\/@pt\/115604650931467128","error":""},"_links":{"self":[{"href":"https:\/\/www.europesays.com\/pt\/wp-json\/wp\/v2\/posts\/163305","targetHints":{"allow":["GET"]}}],"collection":[{"href":"https:\/\/www.europesays.com\/pt\/wp-json\/wp\/v2\/posts"}],"about":[{"href":"https:\/\/www.europesays.com\/pt\/wp-json\/wp\/v2\/types\/post"}],"author":[{"embeddable":true,"href":"https:\/\/www.europesays.com\/pt\/wp-json\/wp\/v2\/users\/2"}],"replies":[{"embeddable":true,"href":"https:\/\/www.europesays.com\/pt\/wp-json\/wp\/v2\/comments?post=163305"}],"version-history":[{"count":0,"href":"https:\/\/www.europesays.com\/pt\/wp-json\/wp\/v2\/posts\/163305\/revisions"}],"wp:featuredmedia":[{"embeddable":true,"href":"https:\/\/www.europesays.com\/pt\/wp-json\/wp\/v2\/media\/163306"}],"wp:attachment":[{"href":"https:\/\/www.europesays.com\/pt\/wp-json\/wp\/v2\/media?parent=163305"}],"wp:term":[{"taxonomy":"category","embeddable":true,"href":"https:\/\/www.europesays.com\/pt\/wp-json\/wp\/v2\/categories?post=163305"},{"taxonomy":"post_tag","embeddable":true,"href":"https:\/\/www.europesays.com\/pt\/wp-json\/wp\/v2\/tags?post=163305"}],"curies":[{"name":"wp","href":"https:\/\/api.w.org\/{rel}","templated":true}]}}