{"id":163307,"date":"2025-11-24T12:24:04","date_gmt":"2025-11-24T12:24:04","guid":{"rendered":"https:\/\/www.europesays.com\/pt\/163307\/"},"modified":"2025-11-24T12:24:04","modified_gmt":"2025-11-24T12:24:04","slug":"plano-de-urbanizacao-de-evora-apresentado-no-xv-congresso-da-geografia-portuguesa","status":"publish","type":"post","link":"https:\/\/www.europesays.com\/pt\/163307\/","title":{"rendered":"Plano de Urbaniza\u00e7\u00e3o de \u00c9vora apresentado no XV Congresso da Geografia Portuguesa"},"content":{"rendered":"<p>\u201cEstamos perante um Plano de Urbaniza\u00e7\u00e3o de \u00c9vora tecnicamente robusto e que constitui um passo em frente para criar o contexto necess\u00e1rio para que \u00c9vora se possa desenvolver de forma inteligente e sustent\u00e1vel\u201d, considerou o presidente da <a href=\"https:\/\/www.cm-evora.pt\/\" target=\"_blank\" rel=\"noreferrer noopener nofollow\">C\u00e2mara Municipal de \u00c9vora<\/a>, Carlos Zorrinho, na\u00a0sess\u00e3o especial dedicada \u00e0 apresenta\u00e7\u00e3o e discuss\u00e3o da proposta de revis\u00e3o do Plano de Urbaniza\u00e7\u00e3o de \u00c9vora (PU\u00c9) que teve lugar no final do\u00a0XV Congresso da Geografia Portuguesa.<\/p>\n<p>O congresso sob o lema: \u201cGeografia Propositiva, Din\u00e2micas Territoriais e Justi\u00e7a S\u00f3cio-espacial\u201d decorreu em \u00c9vora de 19 a 21 de novembro, dinamizado pela Associa\u00e7\u00e3o Portuguesa de Ge\u00f3grafos e pela a Universidade de \u00c9vora, com o apoio de diversas entidades.<\/p>\n<p>A sess\u00e3o dedicada \u00e0 apresenta\u00e7\u00e3o e discuss\u00e3o da <a href=\"https:\/\/regiao-sul.pt\/urbanizacao\" target=\"_blank\" rel=\"noreferrer noopener nofollow\">proposta<\/a> de revis\u00e3o do Plano de Urbaniza\u00e7\u00e3o de <a href=\"https:\/\/regiao-sul.pt\/tag\/evora\" target=\"_blank\" rel=\"noreferrer noopener nofollow\">\u00c9vora<\/a> (PU\u00c9) iniciou-se com um enquadramento da revis\u00e3o do PU\u00c9 pelo Chefe da\u00a0Divis\u00e3o de Ordenamento e Reabilita\u00e7\u00e3o Urbana da C\u00e2mara de \u00c9vora,\u00a0Pedro Foga\u00e7a, tendo a apresenta\u00e7\u00e3o ficado a cargo do Coordenador da equipa de elabora\u00e7\u00e3o do PU\u00c9, Jorge Carvalho.<\/p>\n<p>\u201cO territ\u00f3rio \u00e9 que manda. Temos de partir essencialmente do territ\u00f3rio e valoriz\u00e1-lo\u201d, salientou Jorge Carvalho na sua interven\u00e7\u00e3o ao longo da qual destacou aspectos fundamentais da composi\u00e7\u00e3o do Plano, o qual foi muito participado e entra agora em fase de discuss\u00e3o p\u00fablica.<\/p>\n<p>Participaram no debate, al\u00e9m do presidente da C\u00e2mara Municipal de \u00c9vora; Carlos Gon\u00e7alves (Universidade de \u00c9vora); Eduardo Miranda (C\u00e2mara Municipal de \u00c9vora); Jorge Carvalho (Coordenador da equipa de elabora\u00e7\u00e3o do PU\u00c9) e Margarida Pereira (Universidade Nova de Lisboa). Foi moderado por Lu\u00eds Matias, da R\u00e1dio Diana FM.<\/p>\n<p>O presidente da C\u00e2mara Municipal de \u00c9vora\u00a0explicou que a proposta de PU\u00c9 responde \u00e0 evolu\u00e7\u00e3o do sistema urbano\/territorial e aponta \u00e0s necessidades mais prementes (para al\u00e9m da adapta\u00e7\u00e3o a nova legisla\u00e7\u00e3o) como: Acesso a habita\u00e7\u00e3o, Desenvolvimento econ\u00f3mico e cria\u00e7\u00e3o de emprego, Mobilidade urbana sustent\u00e1vel e Qualidade dos espa\u00e7os e altera\u00e7\u00f5es clim\u00e1ticas.<\/p>\n<p>Esta\u00a0proposta t\u00e9cnica, sublinhou ainda o autarca, deve agora incorporar as op\u00e7\u00f5es estrat\u00e9gicas que foram sufragadas pelos eleitores nas elei\u00e7\u00f5es aut\u00e1rquicas de 12 de outubro.<\/p>\n<p>Al\u00e9m do leg\u00edtimo escrut\u00ednio pol\u00edtico, o PUE ser\u00e1 objeto da Avalia\u00e7\u00e3o Ambiental Estrat\u00e9gica e do processo de Consulta P\u00fablica, indicou Carlos Zorrinho, sublinhando a import\u00e2ncia de \u201cconjugar escrut\u00ednio, transpar\u00eancia e participa\u00e7\u00e3o c\u00edvica com celeridade de processos\u201d, assim como\u00a0\u201ccriar c\u00e9lulas vi\u00e1veis e deix\u00e1-las multiplicar-se,\u00a0quebrar a asfixia pendular e criar condi\u00e7\u00f5es para quem procura op\u00e7\u00f5es de investimento de qualidade em habita\u00e7\u00e3o, com\u00e9rcio, equipamentos tur\u00edsticos, equipamentos sociais, equipamentos culturais, desportivos e de lazer, tenha raz\u00f5es para escolher \u00c9vora, em cen\u00e1rio competitivo.<\/p>\n<p>O Presidente finalizou a sua interven\u00e7\u00e3o com a convic\u00e7\u00e3o de que \u201cum novo PUE para\u00a0\u00c9vora faz parte da solu\u00e7\u00e3o\u201d, estando seguro de que este gerar\u00e1 \u201cum impulso de cidadania para dar um novo f\u00f4lego ao nosso Concelho e para que \u00c9vora se afirme como uma Capital Europeia ao Sul\u201d.<\/p>\n","protected":false},"excerpt":{"rendered":"\u201cEstamos perante um Plano de Urbaniza\u00e7\u00e3o de \u00c9vora tecnicamente robusto e que constitui um passo em frente para&hellip;\n","protected":false},"author":2,"featured_media":163308,"comment_status":"","ping_status":"","sticky":false,"template":"","format":"standard","meta":{"footnotes":""},"categories":[10],"tags":[288,27,28,34597,4917,15,16,14,25,26,21,22,12,13,19,20,3894,32,23,24,33,17,18,29,30,31,34598],"class_list":{"0":"post-163307","1":"post","2":"type-post","3":"status-publish","4":"format-standard","5":"has-post-thumbnail","7":"category-portugal","8":"tag-alentejo","9":"tag-breaking-news","10":"tag-breakingnews","11":"tag-carlos-zorrinho","12":"tag-evora","13":"tag-featured-news","14":"tag-featurednews","15":"tag-headlines","16":"tag-latest-news","17":"tag-latestnews","18":"tag-main-news","19":"tag-mainnews","20":"tag-news","21":"tag-noticias","22":"tag-noticias-principais","23":"tag-noticiasprincipais","24":"tag-plano","25":"tag-portugal","26":"tag-principais-noticias","27":"tag-principaisnoticias","28":"tag-pt","29":"tag-top-stories","30":"tag-topstories","31":"tag-ultimas","32":"tag-ultimas-noticias","33":"tag-ultimasnoticias","34":"tag-urbanizacao"},"share_on_mastodon":{"url":"https:\/\/pubeurope.com\/@pt\/115604662724854178","error":""},"_links":{"self":[{"href":"https:\/\/www.europesays.com\/pt\/wp-json\/wp\/v2\/posts\/163307","targetHints":{"allow":["GET"]}}],"collection":[{"href":"https:\/\/www.europesays.com\/pt\/wp-json\/wp\/v2\/posts"}],"about":[{"href":"https:\/\/www.europesays.com\/pt\/wp-json\/wp\/v2\/types\/post"}],"author":[{"embeddable":true,"href":"https:\/\/www.europesays.com\/pt\/wp-json\/wp\/v2\/users\/2"}],"replies":[{"embeddable":true,"href":"https:\/\/www.europesays.com\/pt\/wp-json\/wp\/v2\/comments?post=163307"}],"version-history":[{"count":0,"href":"https:\/\/www.europesays.com\/pt\/wp-json\/wp\/v2\/posts\/163307\/revisions"}],"wp:featuredmedia":[{"embeddable":true,"href":"https:\/\/www.europesays.com\/pt\/wp-json\/wp\/v2\/media\/163308"}],"wp:attachment":[{"href":"https:\/\/www.europesays.com\/pt\/wp-json\/wp\/v2\/media?parent=163307"}],"wp:term":[{"taxonomy":"category","embeddable":true,"href":"https:\/\/www.europesays.com\/pt\/wp-json\/wp\/v2\/categories?post=163307"},{"taxonomy":"post_tag","embeddable":true,"href":"https:\/\/www.europesays.com\/pt\/wp-json\/wp\/v2\/tags?post=163307"}],"curies":[{"name":"wp","href":"https:\/\/api.w.org\/{rel}","templated":true}]}}