{"id":163309,"date":"2025-11-24T12:27:12","date_gmt":"2025-11-24T12:27:12","guid":{"rendered":"https:\/\/www.europesays.com\/pt\/163309\/"},"modified":"2025-11-24T12:27:12","modified_gmt":"2025-11-24T12:27:12","slug":"ines-aires-pereira-menino-ou-menina-atriz-revela-finalmente-sexo-do-terceiro-filho","status":"publish","type":"post","link":"https:\/\/www.europesays.com\/pt\/163309\/","title":{"rendered":"In\u00eas Aires Pereira &#8211; Menino ou menina? Atriz revela (finalmente) sexo do terceiro filho"},"content":{"rendered":"<p><strong>In\u00eas Aires Pereira<\/strong> est\u00e1 \u00e0 <a href=\"https:\/\/www.novagente.pt\/ines-aires-pereira-de-volta-com-ex-atriz-anuncia-terceira-gravidez-que-comece-aventura\" target=\"_blank\" rel=\"nofollow noopener\">espera do terceiro filho<\/a> e revelou este domingo, 23 de novembro, o sexo do beb\u00e9 atrav\u00e9s de um v\u00eddeo partilhado nas redes sociais.<\/p>\n<p>A atriz, que <a href=\"https:\/\/www.novagente.pt\/ines-aires-pereira-video-do-momento-em-que-descobre-que-esta-gravida-esta-foi-sua-reacao\" target=\"_blank\" rel=\"nofollow noopener\">reatou recentemente a rela\u00e7\u00e3o<\/a> com o ex e pai dos seus outros dois filhos,\u00a0mostrou o momento do ch\u00e1 de revela\u00e7\u00e3o e acompanhou as imagens com a mensagem &#8220;Eles d\u00e3o menos trabalho, mais um grande amor&#8221;, confirmando que a fam\u00edlia vai receber um <strong>menino<\/strong>.<\/p>\n<p>O v\u00eddeo, que pode ver em baixo, mostra a rea\u00e7\u00e3o emotiva de In\u00eas Aires Pereira e de David Ferreira da Silva ao descobrirem que o novo membro da fam\u00edlia \u00e9 um rapaz. O casal, recorde se, \u00e9 j\u00e1 pai de <strong>Alice <\/strong>e <strong>Joaquim<\/strong>.<\/p>\n<p>\u00a0<\/p>\n<blockquote class=\"instagram-media\" data-instgrm-permalink=\"https:\/\/www.instagram.com\/reel\/DRZ1X11DFKo\/?utm_source=ig_embed&amp;utm_campaign=loading\" data-instgrm-version=\"14\" style=\" background:#FFF; border:0; border-radius:3px; box-shadow:0 0 1px 0 rgba(0,0,0,0.5),0 1px 10px 0 rgba(0,0,0,0.15); margin: 1px; max-width:540px; min-width:326px; padding:0; width:99.375%; width:-webkit-calc(100% - 2px); width:calc(100% - 2px);\"><\/blockquote>\n<p>Texto: Tom\u00e1s Casc\u00e3o; Fotos: Redes sociais\u00a0<\/p>\n<p class=\"intagram-text\">Siga a Nova Gente no Instagram<\/p>\n<p>                        <a href=\"https:\/\/www.instagram.com\/revistanovagente\/\" target=\"_blank\" aria-label=\"instagram\" rel=\"noopener nofollow\"><img decoding=\"async\" style=\"display: block; margin-left: auto; margin-right: auto; width: 250px; height: 83px;\" src=\"https:\/\/www.europesays.com\/pt\/wp-content\/uploads\/2025\/11\/Instagram_NG.png\" alt=\"instagram\"\/><\/a><br \/>\n                    <script async src=\"\/\/www.instagram.com\/embed.js\"><\/script><\/p>\n","protected":false},"excerpt":{"rendered":"In\u00eas Aires Pereira est\u00e1 \u00e0 espera do terceiro filho e revelou este domingo, 23 de novembro, o sexo&hellip;\n","protected":false},"author":2,"featured_media":163310,"comment_status":"","ping_status":"","sticky":false,"template":"","format":"standard","meta":{"footnotes":""},"categories":[145],"tags":[211,210,114,115,1210,32,33],"class_list":{"0":"post-163309","1":"post","2":"type-post","3":"status-publish","4":"format-standard","5":"has-post-thumbnail","7":"category-celebridades","8":"tag-celebridades","9":"tag-celebrities","10":"tag-entertainment","11":"tag-entretenimento","12":"tag-ines-aires-pereira","13":"tag-portugal","14":"tag-pt"},"share_on_mastodon":{"url":"https:\/\/pubeurope.com\/@pt\/115604674729246349","error":""},"_links":{"self":[{"href":"https:\/\/www.europesays.com\/pt\/wp-json\/wp\/v2\/posts\/163309","targetHints":{"allow":["GET"]}}],"collection":[{"href":"https:\/\/www.europesays.com\/pt\/wp-json\/wp\/v2\/posts"}],"about":[{"href":"https:\/\/www.europesays.com\/pt\/wp-json\/wp\/v2\/types\/post"}],"author":[{"embeddable":true,"href":"https:\/\/www.europesays.com\/pt\/wp-json\/wp\/v2\/users\/2"}],"replies":[{"embeddable":true,"href":"https:\/\/www.europesays.com\/pt\/wp-json\/wp\/v2\/comments?post=163309"}],"version-history":[{"count":0,"href":"https:\/\/www.europesays.com\/pt\/wp-json\/wp\/v2\/posts\/163309\/revisions"}],"wp:featuredmedia":[{"embeddable":true,"href":"https:\/\/www.europesays.com\/pt\/wp-json\/wp\/v2\/media\/163310"}],"wp:attachment":[{"href":"https:\/\/www.europesays.com\/pt\/wp-json\/wp\/v2\/media?parent=163309"}],"wp:term":[{"taxonomy":"category","embeddable":true,"href":"https:\/\/www.europesays.com\/pt\/wp-json\/wp\/v2\/categories?post=163309"},{"taxonomy":"post_tag","embeddable":true,"href":"https:\/\/www.europesays.com\/pt\/wp-json\/wp\/v2\/tags?post=163309"}],"curies":[{"name":"wp","href":"https:\/\/api.w.org\/{rel}","templated":true}]}}