{"id":163311,"date":"2025-11-24T12:30:15","date_gmt":"2025-11-24T12:30:15","guid":{"rendered":"https:\/\/www.europesays.com\/pt\/163311\/"},"modified":"2025-11-24T12:30:15","modified_gmt":"2025-11-24T12:30:15","slug":"um-abraco-matinal-entre-pedro-jorge-e-marisa-para-comecar-o-dia-na-casa-secret-story","status":"publish","type":"post","link":"https:\/\/www.europesays.com\/pt\/163311\/","title":{"rendered":"Um abra\u00e7o matinal entre Pedro Jorge e Marisa para come\u00e7ar o dia na casa &#8211; Secret Story"},"content":{"rendered":"<p>No Secret Story 9, a casa amanhece de forma calma e Marisa n\u00e3o hesita em dar um abra\u00e7o matinal ao marido Pedro Jorge, ainda com este na cama.\u00a0<\/p>\n<p>A gala de ontem foi recheada de v\u00e1rias emo\u00e7\u00f5es: Marisa e Pedro Jorge receberam uma surpresa muito especial dos filhos e n\u00e3o contiveram a emo\u00e7\u00e3o. Bruna acertou no segredo de In\u00eas. Marisa Susana foi a concorrente expulsa.<\/p>\n<p><a href=\"https:\/\/tvi.iol.pt\/secretstory\/aominuto\" rel=\"nofollow noopener\" target=\"_blank\">Acompanhe tudo o que acontece ao minuto na casa mais vigiada do Pa\u00eds!<\/a><\/p>\n","protected":false},"excerpt":{"rendered":"No Secret Story 9, a casa amanhece de forma calma e Marisa n\u00e3o hesita em dar um abra\u00e7o&hellip;\n","protected":false},"author":2,"featured_media":163312,"comment_status":"","ping_status":"","sticky":false,"template":"","format":"standard","meta":{"footnotes":""},"categories":[142],"tags":[114,115,19033,19034,32,33,151,19032],"class_list":{"0":"post-163311","1":"post","2":"type-post","3":"status-publish","4":"format-standard","5":"has-post-thumbnail","7":"category-tv","8":"tag-entertainment","9":"tag-entretenimento","10":"tag-galas-em-video","11":"tag-melhores-momentos-casa-dos-segredos","12":"tag-portugal","13":"tag-pt","14":"tag-tv","15":"tag-videos-secret-story-tvi"},"share_on_mastodon":{"url":"https:\/\/pubeurope.com\/@pt\/115604686458812398","error":""},"_links":{"self":[{"href":"https:\/\/www.europesays.com\/pt\/wp-json\/wp\/v2\/posts\/163311","targetHints":{"allow":["GET"]}}],"collection":[{"href":"https:\/\/www.europesays.com\/pt\/wp-json\/wp\/v2\/posts"}],"about":[{"href":"https:\/\/www.europesays.com\/pt\/wp-json\/wp\/v2\/types\/post"}],"author":[{"embeddable":true,"href":"https:\/\/www.europesays.com\/pt\/wp-json\/wp\/v2\/users\/2"}],"replies":[{"embeddable":true,"href":"https:\/\/www.europesays.com\/pt\/wp-json\/wp\/v2\/comments?post=163311"}],"version-history":[{"count":0,"href":"https:\/\/www.europesays.com\/pt\/wp-json\/wp\/v2\/posts\/163311\/revisions"}],"wp:featuredmedia":[{"embeddable":true,"href":"https:\/\/www.europesays.com\/pt\/wp-json\/wp\/v2\/media\/163312"}],"wp:attachment":[{"href":"https:\/\/www.europesays.com\/pt\/wp-json\/wp\/v2\/media?parent=163311"}],"wp:term":[{"taxonomy":"category","embeddable":true,"href":"https:\/\/www.europesays.com\/pt\/wp-json\/wp\/v2\/categories?post=163311"},{"taxonomy":"post_tag","embeddable":true,"href":"https:\/\/www.europesays.com\/pt\/wp-json\/wp\/v2\/tags?post=163311"}],"curies":[{"name":"wp","href":"https:\/\/api.w.org\/{rel}","templated":true}]}}