{"id":163319,"date":"2025-11-24T12:34:08","date_gmt":"2025-11-24T12:34:08","guid":{"rendered":"https:\/\/www.europesays.com\/pt\/163319\/"},"modified":"2025-11-24T12:34:08","modified_gmt":"2025-11-24T12:34:08","slug":"prefeitura-promove-a-18a-campanha-fique-sabendo-com-testes-de-sifilis-e-hiv-em-artur-nogueira","status":"publish","type":"post","link":"https:\/\/www.europesays.com\/pt\/163319\/","title":{"rendered":"Prefeitura promove a 18\u00aa Campanha \u201cFique Sabendo\u201d com testes de s\u00edfilis e HIV em Artur Nogueira \u2039"},"content":{"rendered":"<p>A\u00e7\u00e3o acontece de 24 de novembro a 1\u00ba de dezembro nos postos de sa\u00fade e no Centro de Infectologia<\/p>\n<p>A Prefeitura de Artur Nogueira, por meio da Secretaria de Sa\u00fade, realiza a 18\u00aa Campanha Fique Sabendo \u2013 Fa\u00e7a o Teste de HIV e S\u00edfilis, iniciativa que integra o Dezembro Vermelho, m\u00eas dedicado \u00e0 conscientiza\u00e7\u00e3o e ao combate ao HIV\/AIDS e outras Infec\u00e7\u00f5es Sexualmente Transmiss\u00edveis (ISTs). A a\u00e7\u00e3o acontece entre os dias 24 de novembro e 1\u00ba de dezembro.<\/p>\n<p>Com foco na preven\u00e7\u00e3o e no diagn\u00f3stico precoce, a campanha oferece acesso gratuito aos exames, com total sigilo, seguran\u00e7a e, se necess\u00e1rio, encaminhamento imediato para tratamento na rede p\u00fablica.<\/p>\n<p>O prefeito Lucas Sia (PL) destaca a import\u00e2ncia da mobiliza\u00e7\u00e3o para a promo\u00e7\u00e3o da sa\u00fade no munic\u00edpio. \u201cA preven\u00e7\u00e3o come\u00e7a pela informa\u00e7\u00e3o e pelo cuidado com a pr\u00f3pria sa\u00fade. O Fique Sabendo garante acolhimento, orienta\u00e7\u00e3o e acompanhamento adequado \u00e0s pessoas que precisam. Nosso compromisso \u00e9 oferecer um servi\u00e7o humanizado e acess\u00edvel a toda popula\u00e7\u00e3o nogueirense\u201d, afirma.<\/p>\n<p>Os testes estar\u00e3o dispon\u00edveis nas seguintes unidades de sa\u00fade: S\u00e3o Jo\u00e3o dos Pinheiros; Jardim do Lago; Blumenau; Rural; Terezinha Vicensotti; Cora\u00e7\u00e3o Crian\u00e7a; Planalto; S\u00e3o Vicente; Bom Jardim; Sacilotto; Trabalhadores\/Ip\u00eas; Espa\u00e7o M\u00e3e e Filho; Laranjeiras; e Centro de Infectologia.<\/p>\n<p>Sobre o \u201cFique Sabendo\u201d<\/p>\n<p>O \u201cFique Sabendo\u201d \u00e9 uma mobiliza\u00e7\u00e3o estadual realizada anualmente para incentivar a testagem de HIV e s\u00edfilis, al\u00e9m de conscientizar sobre a import\u00e2ncia do diagn\u00f3stico precoce e do cuidado cont\u00ednuo com a sa\u00fade sexual.<\/p>\n","protected":false},"excerpt":{"rendered":"A\u00e7\u00e3o acontece de 24 de novembro a 1\u00ba de dezembro nos postos de sa\u00fade e no Centro de&hellip;\n","protected":false},"author":2,"featured_media":163320,"comment_status":"","ping_status":"","sticky":false,"template":"","format":"standard","meta":{"footnotes":""},"categories":[86],"tags":[116,32,33,117],"class_list":{"0":"post-163319","1":"post","2":"type-post","3":"status-publish","4":"format-standard","5":"has-post-thumbnail","7":"category-saude","8":"tag-health","9":"tag-portugal","10":"tag-pt","11":"tag-saude"},"share_on_mastodon":{"url":"","error":""},"_links":{"self":[{"href":"https:\/\/www.europesays.com\/pt\/wp-json\/wp\/v2\/posts\/163319","targetHints":{"allow":["GET"]}}],"collection":[{"href":"https:\/\/www.europesays.com\/pt\/wp-json\/wp\/v2\/posts"}],"about":[{"href":"https:\/\/www.europesays.com\/pt\/wp-json\/wp\/v2\/types\/post"}],"author":[{"embeddable":true,"href":"https:\/\/www.europesays.com\/pt\/wp-json\/wp\/v2\/users\/2"}],"replies":[{"embeddable":true,"href":"https:\/\/www.europesays.com\/pt\/wp-json\/wp\/v2\/comments?post=163319"}],"version-history":[{"count":0,"href":"https:\/\/www.europesays.com\/pt\/wp-json\/wp\/v2\/posts\/163319\/revisions"}],"wp:featuredmedia":[{"embeddable":true,"href":"https:\/\/www.europesays.com\/pt\/wp-json\/wp\/v2\/media\/163320"}],"wp:attachment":[{"href":"https:\/\/www.europesays.com\/pt\/wp-json\/wp\/v2\/media?parent=163319"}],"wp:term":[{"taxonomy":"category","embeddable":true,"href":"https:\/\/www.europesays.com\/pt\/wp-json\/wp\/v2\/categories?post=163319"},{"taxonomy":"post_tag","embeddable":true,"href":"https:\/\/www.europesays.com\/pt\/wp-json\/wp\/v2\/tags?post=163319"}],"curies":[{"name":"wp","href":"https:\/\/api.w.org\/{rel}","templated":true}]}}