{"id":163325,"date":"2025-11-24T12:41:35","date_gmt":"2025-11-24T12:41:35","guid":{"rendered":"https:\/\/www.europesays.com\/pt\/163325\/"},"modified":"2025-11-24T12:41:35","modified_gmt":"2025-11-24T12:41:35","slug":"chuva-e-vento-ganham-forca-nos-proximos-dias","status":"publish","type":"post","link":"https:\/\/www.europesays.com\/pt\/163325\/","title":{"rendered":"chuva e vento ganham for\u00e7a nos pr\u00f3ximos dias"},"content":{"rendered":"<p>Portugal continental prepara-se para uma mudan\u00e7a significativa no estado do tempo j\u00e1 a partir deste domingo, com o regresso das frentes atl\u00e2nticas que dever\u00e3o trazer chuva persistente e vento moderado a forte a v\u00e1rias regi\u00f5es. Depois de um curto per\u00edodo marcado por tempo seco, frio e soalheiro, as previs\u00f5es do portal especializado <a href=\"https:\/\/www.tempo.pt\/noticias\/previsao\/no-domingo-23-crescera-outra-tempestade-invernal-consulte-quando-sera-o-pior-momento-do-vento-e-da-chuva-em-portugal.html#google_vignette\" target=\"_blank\" rel=\"noopener nofollow\">Tempo.pt<\/a> antecipam uma transi\u00e7\u00e3o marcada pela aproxima\u00e7\u00e3o de duas frentes associadas a sistemas depression\u00e1rios no Atl\u00e2ntico Norte.<\/p>\n<p>O atual cen\u00e1rio de estabilidade atmosf\u00e9rica, influenciado por uma massa de ar polar mar\u00edtima empurrada por ventos de Norte, termina este fim de semana. O epis\u00f3dio ficar\u00e1 marcado, at\u00e9 s\u00e1bado, pelas madrugadas frias, com o portal a apontar valores negativos entre -1 \u00baC e -3 \u00baC em v\u00e1rias localidades do Nordeste Transmontano e da Beira Alta, incluindo Bragan\u00e7a, Guarda, Alf\u00e2ndega da F\u00e9, Mogadouro e Figueira de Castelo Rodrigo.<\/p>\n<p>Segundo o tempo.pt, domingo ser\u00e1 o dia em que a precipita\u00e7\u00e3o come\u00e7ar\u00e1 a ganhar maior express\u00e3o. A frente que atinge o pa\u00eds na noite de s\u00e1bado dever\u00e1 intensificar-se ligeiramente e espalhar-se mais para sul, afetando sobretudo o litoral Norte e Centro. As zonas com maior persist\u00eancia e intensidade da chuva dever\u00e3o situar-se no Minho, Douro Litoral e Alto T\u00e2mega e Douro.<\/p>\n<p>Durante a tarde e noite, uma segunda frente \u2014 tamb\u00e9m associada ao vale depression\u00e1rio a oeste do Golfo da Biscaia \u2014 dever\u00e1 refor\u00e7ar a instabilidade no Norte e Centro. O vento manter-se-\u00e1 fraco, predominantemente de Oeste, mas j\u00e1 com tend\u00eancia para rodar para Sudoeste em v\u00e1rios pontos do territ\u00f3rio, sinalizando a aproxima\u00e7\u00e3o de um epis\u00f3dio mais significativo na segunda-feira. Esta mudan\u00e7a est\u00e1 relacionada com a entrada de um \u201crio atmosf\u00e9rico\u201d, caracterizado por ar quente e h\u00famido proveniente de latitudes subtropicais, que dever\u00e1 aumentar a intensidade da precipita\u00e7\u00e3o e contribuir para um ambiente mais inst\u00e1vel e h\u00famido.<\/p>\n<p><strong>Segunda-feira dever\u00e1 ser o dia mais cr\u00edtico, com chuva forte e rajadas intensas<\/strong><br \/>As previs\u00f5es do portal tempo.pt indicam que segunda-feira, dever\u00e1 ser o per\u00edodo mais adverso deste epis\u00f3dio meteorol\u00f3gico. A intera\u00e7\u00e3o entre ar frio associado \u00e0 depress\u00e3o nas proximidades das Ilhas Brit\u00e2nicas e o ar quente e h\u00famido transportado pelo rio atmosf\u00e9rico dever\u00e1 intensificar tanto a precipita\u00e7\u00e3o como a for\u00e7a do vento.<\/p>\n<p>Os modelos de refer\u00eancia apontam para vento moderado a forte em todo o territ\u00f3rio, com maior incid\u00eancia nas terras altas e montanhosas do Norte e do Centro. Embora ainda exista incerteza quanto ao momento exato do pico da intensidade, as rajadas nas zonas mais expostas podem rondar 75 km\/h.<\/p>\n<p>Quanto \u00e0 precipita\u00e7\u00e3o, segunda-feira come\u00e7ar\u00e1 com chuva mais frequente a oeste da Barreira de Condensa\u00e7\u00e3o, com possibilidade de epis\u00f3dios localmente fortes e acompanhados de trovoada. Ao longo do dia, a frente deslocar-se-\u00e1 de noroeste para sudeste, enfraquecendo ao cruzar o sistema montanhoso Montejunto-Estrela, o que limita o alcance e intensidade da chuva a sul do Tejo.<\/p>\n<p>No entanto, v\u00e1rias regi\u00f5es do Norte e Centro poder\u00e3o ultrapassar 50 mm de precipita\u00e7\u00e3o acumulada at\u00e9 ao final de segunda-feira. Distritos como Viana do Castelo, Braga, Porto e Aveiro, bem como \u00e1reas ocidentais de Vila Real e Viseu, dever\u00e3o registar os fen\u00f3menos mais intensos. A latitude, o vento de Sudoeste e a orografia contribuem para concentrar a precipita\u00e7\u00e3o nestas zonas, sobretudo nas encostas voltadas a barlavento.<\/p>\n","protected":false},"excerpt":{"rendered":"Portugal continental prepara-se para uma mudan\u00e7a significativa no estado do tempo j\u00e1 a partir deste domingo, com o&hellip;\n","protected":false},"author":2,"featured_media":87285,"comment_status":"","ping_status":"","sticky":false,"template":"","format":"standard","meta":{"footnotes":""},"categories":[10],"tags":[27,28,15,16,14,25,26,21,22,12,13,19,20,32,23,24,33,17,18,29,30,31],"class_list":{"0":"post-163325","1":"post","2":"type-post","3":"status-publish","4":"format-standard","5":"has-post-thumbnail","7":"category-portugal","8":"tag-breaking-news","9":"tag-breakingnews","10":"tag-featured-news","11":"tag-featurednews","12":"tag-headlines","13":"tag-latest-news","14":"tag-latestnews","15":"tag-main-news","16":"tag-mainnews","17":"tag-news","18":"tag-noticias","19":"tag-noticias-principais","20":"tag-noticiasprincipais","21":"tag-portugal","22":"tag-principais-noticias","23":"tag-principaisnoticias","24":"tag-pt","25":"tag-top-stories","26":"tag-topstories","27":"tag-ultimas","28":"tag-ultimas-noticias","29":"tag-ultimasnoticias"},"share_on_mastodon":{"url":"https:\/\/pubeurope.com\/@pt\/115604729596988816","error":""},"_links":{"self":[{"href":"https:\/\/www.europesays.com\/pt\/wp-json\/wp\/v2\/posts\/163325","targetHints":{"allow":["GET"]}}],"collection":[{"href":"https:\/\/www.europesays.com\/pt\/wp-json\/wp\/v2\/posts"}],"about":[{"href":"https:\/\/www.europesays.com\/pt\/wp-json\/wp\/v2\/types\/post"}],"author":[{"embeddable":true,"href":"https:\/\/www.europesays.com\/pt\/wp-json\/wp\/v2\/users\/2"}],"replies":[{"embeddable":true,"href":"https:\/\/www.europesays.com\/pt\/wp-json\/wp\/v2\/comments?post=163325"}],"version-history":[{"count":0,"href":"https:\/\/www.europesays.com\/pt\/wp-json\/wp\/v2\/posts\/163325\/revisions"}],"wp:featuredmedia":[{"embeddable":true,"href":"https:\/\/www.europesays.com\/pt\/wp-json\/wp\/v2\/media\/87285"}],"wp:attachment":[{"href":"https:\/\/www.europesays.com\/pt\/wp-json\/wp\/v2\/media?parent=163325"}],"wp:term":[{"taxonomy":"category","embeddable":true,"href":"https:\/\/www.europesays.com\/pt\/wp-json\/wp\/v2\/categories?post=163325"},{"taxonomy":"post_tag","embeddable":true,"href":"https:\/\/www.europesays.com\/pt\/wp-json\/wp\/v2\/tags?post=163325"}],"curies":[{"name":"wp","href":"https:\/\/api.w.org\/{rel}","templated":true}]}}