{"id":163350,"date":"2025-11-24T13:01:14","date_gmt":"2025-11-24T13:01:14","guid":{"rendered":"https:\/\/www.europesays.com\/pt\/163350\/"},"modified":"2025-11-24T13:01:14","modified_gmt":"2025-11-24T13:01:14","slug":"bixarte-lanca-feitico-e-firma-nova-fase-com-ancestralidade-e-amor-no-centro-da-narrativa","status":"publish","type":"post","link":"https:\/\/www.europesays.com\/pt\/163350\/","title":{"rendered":"Bixarte lan\u00e7a \u201cFeiti\u00e7o\u201d e firma nova fase com ancestralidade e amor no centro da narrativa"},"content":{"rendered":"<p class=\"font-base fw-bolder fs-3 lg:fs-4 line-compact text-primary d-flex gap-3 align-items-center no-styled\">\n<p>\t\t\t\tVeja o resumo da not\u00edcia!\t\t\t<\/p>\n<ul class=\"m-0 no-styled\">\n<li class=\"no-styled\">Bixarte lan\u00e7a o \u00e1lbum &#8216;Feiti\u00e7o&#8217;, celebrando ra\u00edzes paraibanas, rap afiado e est\u00e9tica ancestral, com lan\u00e7amento estrat\u00e9gico ap\u00f3s o Dia da Consci\u00eancia Negra.<\/li>\n<li class=\"no-styled\">O \u00e1lbum, com doze faixas, representa amadurecimento art\u00edstico e retorno \u00e0s origens, buscando impactar vidas atrav\u00e9s de colabora\u00e7\u00f5es significativas.<\/li>\n<li class=\"no-styled\">Explorando territ\u00f3rio, mem\u00f3ria e espiritualidade, o \u00e1lbum mescla ritmos como trap e cumbia, demonstrando versatilidade musical e cultural.<\/li>\n<li class=\"no-styled\">Parcerias com V\u00f3 Mera, Emicida e outros artistas enriquecem o \u00e1lbum, abordando temas como legado, coragem, movimento e ancestralidade.<\/li>\n<li class=\"no-styled\">O disco equilibra momentos de pot\u00eancia com faixas po\u00e9ticas e experimenta\u00e7\u00f5es, unindo reggaeton, forr\u00f3 e cumbia em can\u00e7\u00f5es diversas.<\/li>\n<li class=\"no-styled\">Com produ\u00e7\u00e3o de Bixarte e BBS_LAB, &#8216;Feiti\u00e7o&#8217; promove um encontro de sonoridades brasileiras, do Nordeste ao Sudeste, da rua ao ritual.<\/li>\n<\/ul>\n<p>A cantora e compositora <strong>Bixarte<\/strong> lan\u00e7ou nesta sexta-feira (21) seu segundo \u00e1lbum, <strong>Feiti\u00e7o<\/strong>, um trabalho que reafirma suas ra\u00edzes paraibanas, seu rap afiado e uma est\u00e9tica marcada por ancestralidade, amor e for\u00e7a. O lan\u00e7amento chega um dia ap\u00f3s o Dia Nacional da Consci\u00eancia Negra, refor\u00e7ando o car\u00e1ter pol\u00edtico, espiritual e afirmativo que atravessa o disco.<\/p>\n<p>Com doze faixas, Feiti\u00e7o marca um momento de amadurecimento art\u00edstico para Bixarte \u2014 ao mesmo tempo em que representa um retorno \u00e0s origens. \u201cDepois de <strong>Traviarcado<\/strong>, eu precisei dar uns passos atr\u00e1s, voltar pro rap pra entender de onde eu vim e pra onde eu quero ir. Eu n\u00e3o quero fazer m\u00fasica s\u00f3 pra viralizar, quero impactar vidas\u201d, explica a artista, que escolheu colaboradores que tamb\u00e9m atravessam sua pr\u00f3pria trajet\u00f3ria.<\/p>\n<p>O \u00e1lbum nasce do tambor, instrumento central na m\u00fasica afro-latina, e se desdobra em camadas que dialogam com territ\u00f3rio, mem\u00f3ria e espiritualidade. A faixa de abertura, \u201cN\u00e3o Foi Sorte\u201d, com <strong>Ay\u00f4 Tupinamb\u00e1<\/strong>, \u00e9 um canto de resist\u00eancia que sa\u00fada os Orix\u00e1s. J\u00e1 o single \u201cTenta\u00e7\u00e3o\u201d combina ritmos dan\u00e7antes que passam pelo trap e chegam at\u00e9 \u00e0 cumbia, mostrando que o disco n\u00e3o se limita a um \u00fanico g\u00eanero.<\/p>\n<p>Ancestralidade de Bixarte<\/p>\n<p>Em \u201cExu\u201d, Bixarte se une \u00e0 cirandeira <strong>V\u00f3 Mera<\/strong> e ao rapper <strong>Emicida<\/strong> para cantar legado, coragem e movimento: \u201cN\u00e3o pe\u00e7o licen\u00e7a, trago o meu recado \/ Eu venho de longe, constru\u00ed um legado\u201d. O \u00e1lbum segue com momentos de pot\u00eancia, como \u201cM\u00e1fia\u201d, que explora trap e ostenta\u00e7\u00e3o, e \u201cGasolina\u201d, parceria com <strong>Monna Brutal<\/strong>, pronta para incendiar as pistas.<\/p>\n<p>A artista tamb\u00e9m revisita sua veia po\u00e9tica, como em \u201cCalma, Filha\u201d, e aposta em misturas inesperadas como o reggaeton com forr\u00f3 de \u201cIbiza\u201d, com participa\u00e7\u00e3o de <strong>Lucy Alves<\/strong>. O lado mais dan\u00e7ante continua em \u201cCulpa\u201d, enquanto \u201cComo Me Olhas\u201d, com <strong>Johnny Hooker<\/strong>, mergulha em uma cumbia afetiva.<\/p>\n<p>O disco encontra um respiro em \u201cOceano\u201d, e depois avan\u00e7a para uma das faixas mais emocionais, \u201cMe V\u00ea\u201d, que combina poesia, rap e as participa\u00e7\u00f5es de <strong>A F\u00faria Negra<\/strong> e <strong>Mari Santana<\/strong>. O encerramento fica por conta de \u201cKa\u00f4 Kabecil\u00ea\u201d, um pop eletr\u00f4nico que pede justi\u00e7a a Xang\u00f4 e fecha o \u00e1lbum com for\u00e7a coletiva.<\/p>\n<p>Gravado e produzido por Bixarte ao lado do <strong>BBS_LAB<\/strong>, com produ\u00e7\u00e3o musical de <strong>Big Jesi<\/strong> e mix\/master de <strong>Guirraiz<\/strong>, \u201cFeiti\u00e7o\u201d \u00e9 um encontro entre sonoridades que atravessam o Brasil \u2014 do Nordeste ao Sudeste, da rua ao ritual, da pista \u00e0 ancestralidade.<\/p>\n","protected":false},"excerpt":{"rendered":"Veja o resumo da not\u00edcia! Bixarte lan\u00e7a o \u00e1lbum &#8216;Feiti\u00e7o&#8217;, celebrando ra\u00edzes paraibanas, rap afiado e est\u00e9tica ancestral,&hellip;\n","protected":false},"author":2,"featured_media":163351,"comment_status":"","ping_status":"","sticky":false,"template":"","format":"standard","meta":{"footnotes":""},"categories":[141],"tags":[34600,3112,114,115,34601,34602,149,150,32,33],"class_list":{"0":"post-163350","1":"post","2":"type-post","3":"status-publish","4":"format-standard","5":"has-post-thumbnail","7":"category-musica","8":"tag-bixarte","9":"tag-emicida","10":"tag-entertainment","11":"tag-entretenimento","12":"tag-johnny-hooker","13":"tag-monna-brutal","14":"tag-music","15":"tag-musica","16":"tag-portugal","17":"tag-pt"},"share_on_mastodon":{"url":"https:\/\/pubeurope.com\/@pt\/115604808332905958","error":""},"_links":{"self":[{"href":"https:\/\/www.europesays.com\/pt\/wp-json\/wp\/v2\/posts\/163350","targetHints":{"allow":["GET"]}}],"collection":[{"href":"https:\/\/www.europesays.com\/pt\/wp-json\/wp\/v2\/posts"}],"about":[{"href":"https:\/\/www.europesays.com\/pt\/wp-json\/wp\/v2\/types\/post"}],"author":[{"embeddable":true,"href":"https:\/\/www.europesays.com\/pt\/wp-json\/wp\/v2\/users\/2"}],"replies":[{"embeddable":true,"href":"https:\/\/www.europesays.com\/pt\/wp-json\/wp\/v2\/comments?post=163350"}],"version-history":[{"count":0,"href":"https:\/\/www.europesays.com\/pt\/wp-json\/wp\/v2\/posts\/163350\/revisions"}],"wp:featuredmedia":[{"embeddable":true,"href":"https:\/\/www.europesays.com\/pt\/wp-json\/wp\/v2\/media\/163351"}],"wp:attachment":[{"href":"https:\/\/www.europesays.com\/pt\/wp-json\/wp\/v2\/media?parent=163350"}],"wp:term":[{"taxonomy":"category","embeddable":true,"href":"https:\/\/www.europesays.com\/pt\/wp-json\/wp\/v2\/categories?post=163350"},{"taxonomy":"post_tag","embeddable":true,"href":"https:\/\/www.europesays.com\/pt\/wp-json\/wp\/v2\/tags?post=163350"}],"curies":[{"name":"wp","href":"https:\/\/api.w.org\/{rel}","templated":true}]}}