{"id":163367,"date":"2025-11-24T13:15:12","date_gmt":"2025-11-24T13:15:12","guid":{"rendered":"https:\/\/www.europesays.com\/pt\/163367\/"},"modified":"2025-11-24T13:15:12","modified_gmt":"2025-11-24T13:15:12","slug":"pedro-responde-torto-a-marisa-e-fica-fora-de-si-ao-atacar-o-outro-grupo-nao-tem-respeito-por-quem-esta-aqui-triste-secret-story","status":"publish","type":"post","link":"https:\/\/www.europesays.com\/pt\/163367\/","title":{"rendered":"Pedro responde torto a Marisa e fica fora de si ao atacar o outro grupo: \u00abN\u00e3o t\u00eam respeito por quem est\u00e1 aqui triste!\u00bb &#8211; Secret Story"},"content":{"rendered":"<p>No Secret Story 9, Ana chama Pedro Jorge \u00e0 aten\u00e7\u00e3o e diz que, muitas vezes, este &#8220;perde o controlo&#8221; quando est\u00e1 a discutir com outros concorrentes. Marisa aproveita a deixa e d\u00e1 um conselho a Pedro, mas este n\u00e3o parece nada contente com o que est\u00e1 a ouvir. Ana acusa-o, ainda, de ter falado mal para Bruna e In\u00eas. A conversa estica-se e Pedro dispara a falar do outro grupo: \u00abN\u00e3o t\u00eam respeito por quem est\u00e1 aqui triste!\u00bb.\u00a0<\/p>\n<p>A gala de ontem foi recheada de v\u00e1rias emo\u00e7\u00f5es: Marisa e Pedro Jorge receberam uma surpresa muito especial dos filhos e n\u00e3o contiveram a emo\u00e7\u00e3o. Bruna acertou no segredo de In\u00eas. Marisa Susana foi a concorrente expulsa. J\u00e1 a cadeira quente foi palco para v\u00e1rios confrontos e acusa\u00e7\u00f5es atiradas uns aos outros. Veja tudo!\u00a0<\/p>\n<p><a href=\"https:\/\/tvi.iol.pt\/secretstory\/aominuto\" rel=\"nofollow noopener\" target=\"_blank\">Acompanhe tudo o que acontece ao minuto na casa mais vigiada do Pa\u00eds!<\/a><\/p>\n","protected":false},"excerpt":{"rendered":"No Secret Story 9, Ana chama Pedro Jorge \u00e0 aten\u00e7\u00e3o e diz que, muitas vezes, este &#8220;perde o&hellip;\n","protected":false},"author":2,"featured_media":163368,"comment_status":"","ping_status":"","sticky":false,"template":"","format":"standard","meta":{"footnotes":""},"categories":[142],"tags":[114,115,19033,19034,32,33,151,19032],"class_list":{"0":"post-163367","1":"post","2":"type-post","3":"status-publish","4":"format-standard","5":"has-post-thumbnail","7":"category-tv","8":"tag-entertainment","9":"tag-entretenimento","10":"tag-galas-em-video","11":"tag-melhores-momentos-casa-dos-segredos","12":"tag-portugal","13":"tag-pt","14":"tag-tv","15":"tag-videos-secret-story-tvi"},"share_on_mastodon":{"url":"https:\/\/pubeurope.com\/@pt\/115604863401930748","error":""},"_links":{"self":[{"href":"https:\/\/www.europesays.com\/pt\/wp-json\/wp\/v2\/posts\/163367","targetHints":{"allow":["GET"]}}],"collection":[{"href":"https:\/\/www.europesays.com\/pt\/wp-json\/wp\/v2\/posts"}],"about":[{"href":"https:\/\/www.europesays.com\/pt\/wp-json\/wp\/v2\/types\/post"}],"author":[{"embeddable":true,"href":"https:\/\/www.europesays.com\/pt\/wp-json\/wp\/v2\/users\/2"}],"replies":[{"embeddable":true,"href":"https:\/\/www.europesays.com\/pt\/wp-json\/wp\/v2\/comments?post=163367"}],"version-history":[{"count":0,"href":"https:\/\/www.europesays.com\/pt\/wp-json\/wp\/v2\/posts\/163367\/revisions"}],"wp:featuredmedia":[{"embeddable":true,"href":"https:\/\/www.europesays.com\/pt\/wp-json\/wp\/v2\/media\/163368"}],"wp:attachment":[{"href":"https:\/\/www.europesays.com\/pt\/wp-json\/wp\/v2\/media?parent=163367"}],"wp:term":[{"taxonomy":"category","embeddable":true,"href":"https:\/\/www.europesays.com\/pt\/wp-json\/wp\/v2\/categories?post=163367"},{"taxonomy":"post_tag","embeddable":true,"href":"https:\/\/www.europesays.com\/pt\/wp-json\/wp\/v2\/tags?post=163367"}],"curies":[{"name":"wp","href":"https:\/\/api.w.org\/{rel}","templated":true}]}}