{"id":163382,"date":"2025-11-24T13:27:09","date_gmt":"2025-11-24T13:27:09","guid":{"rendered":"https:\/\/www.europesays.com\/pt\/163382\/"},"modified":"2025-11-24T13:27:09","modified_gmt":"2025-11-24T13:27:09","slug":"moraes-diz-que-bolsonaro-violou-tornozeleira-de-forma-dolosa-e-consciente","status":"publish","type":"post","link":"https:\/\/www.europesays.com\/pt\/163382\/","title":{"rendered":"Moraes diz que Bolsonaro violou tornozeleira de forma dolosa e consciente"},"content":{"rendered":"<p class=\"my-5 break-words group-[.isActiveSource]:text-xl\">O ministro Alexandre de Moraes, do STF (Supremo Tribunal Federal), afirmou nesta segunda-feira (24) que o ex-presidente Jair Bolsonaro (PL) violou a tornozeleira eletr\u00f4nica de forma \u201cdolosa e consciente\u201d.\u00a0<\/p>\n<p class=\"my-5 break-words group-[.isActiveSource]:text-xl\">Segundo o Moraes, Bolsonaro \u00e9 \u201creiterante\u201d no descumprimento das medidas cautelares impostas e ampliou essas viola\u00e7\u00f5es na \u00faltima sexta-feira (21), quando tentou abrir a tornozeleira com ferro de solda.\u00a0<\/p>\n<p class=\"my-5 break-words group-[.isActiveSource]:text-xl\">A declara\u00e7\u00e3o consta no voto do ministro em<a href=\"https:\/\/www.cnnbrasil.com.br\/politica\/prisao-preventiva-bolsonaro-julgamento-stf\/\" class=\"text-red-600 underline hover:text-red-500 font-medium break-words group-[.isActiveSource]:text-xl\" target=\"_self\" rel=\"nofollow noopener\"> julgamento para referendar a decis\u00e3o da pris\u00e3o<\/a> e confronta a vers\u00e3o apresentada pela defesa do ex-presidente, que alegou \u201cconfus\u00e3o mental\u201d causada pelo uso de medicamentos. \u00a0<\/p>\n<p class=\"my-5 break-words group-[.isActiveSource]:text-xl\">Em manifesta\u00e7\u00e3o entregue ao Supremo na tarde de domingo, os advogados mencionam uma <a href=\"https:\/\/www.cnnbrasil.com.br\/politica\/defesa-de-bolsonaro-explica-ao-stf-alerta-de-violacao-em-tornozeleira\/\" class=\"text-red-600 underline hover:text-red-500 font-medium break-words group-[.isActiveSource]:text-xl\" target=\"_self\" rel=\"nofollow noopener\">intera\u00e7\u00e3o indevida entre os rem\u00e9dios usados para tratar as crises solu\u00e7o<\/a> do ex-presidente, condi\u00e7\u00e3o que se agravou ap\u00f3s as cirurgias decorrentes da facada de 2018.\u00a0<\/p>\n<p class=\"my-5 break-words group-[.isActiveSource]:text-xl\">Segundo a defesa, uma m\u00e9dica que n\u00e3o comp\u00f5e a equipe principal que atende o ex-presidente prescreveu um novo medicamento que, combinado aos que ele j\u00e1 tomava, pode causar alucina\u00e7\u00f5es, desorienta\u00e7\u00e3o e altera\u00e7\u00f5es cognitivas, conforme boletim m\u00e9dico anexado.\u00a0<\/p>\n<p class=\"my-5 break-words group-[.isActiveSource]:text-xl\">Na audi\u00eancia de cust\u00f3dia, Bolsonaro disse ter acreditado que havia uma \u201cescuta\u201d instalada na tornozeleira e tentou abrir apenas a tampa do dispositivo, e n\u00e3o remov\u00ea-lo. A defesa sustenta que o v\u00eddeo entregue pela Seape (Secretaria de Estado de Administra\u00e7\u00e3o Penitenci\u00e1ria) confirma a fala arrastada e confusa do ex-presidente e indica um comportamento \u201cil\u00f3gico\u201d, incompat\u00edvel com tentativa de fuga.<\/p>\n<p class=\"my-5 break-words group-[.isActiveSource]:text-xl\">Nesta segunda, os ministros da Primeira Turma analisam a decis\u00e3o de Moraes e votam se concordam em manter Bolsonaro em pris\u00e3o preventiva. At\u00e9 o momento, somente Fl\u00e1vio Dino acompanhou Moraes. O placar est\u00e1 2&#215;0. \u00a0<\/p>\n","protected":false},"excerpt":{"rendered":"O ministro Alexandre de Moraes, do STF (Supremo Tribunal Federal), afirmou nesta segunda-feira (24) que o ex-presidente Jair&hellip;\n","protected":false},"author":2,"featured_media":163383,"comment_status":"","ping_status":"","sticky":false,"template":"","format":"standard","meta":{"footnotes":""},"categories":[8],"tags":[27,28,15,16,14,25,26,21,22,12,13,19,20,32,23,24,33,17,18,29,30,31],"class_list":{"0":"post-163382","1":"post","2":"type-post","3":"status-publish","4":"format-standard","5":"has-post-thumbnail","7":"category-principais-noticias","8":"tag-breaking-news","9":"tag-breakingnews","10":"tag-featured-news","11":"tag-featurednews","12":"tag-headlines","13":"tag-latest-news","14":"tag-latestnews","15":"tag-main-news","16":"tag-mainnews","17":"tag-news","18":"tag-noticias","19":"tag-noticias-principais","20":"tag-noticiasprincipais","21":"tag-portugal","22":"tag-principais-noticias","23":"tag-principaisnoticias","24":"tag-pt","25":"tag-top-stories","26":"tag-topstories","27":"tag-ultimas","28":"tag-ultimas-noticias","29":"tag-ultimasnoticias"},"share_on_mastodon":{"url":"https:\/\/pubeurope.com\/@pt\/115604910581307291","error":""},"_links":{"self":[{"href":"https:\/\/www.europesays.com\/pt\/wp-json\/wp\/v2\/posts\/163382","targetHints":{"allow":["GET"]}}],"collection":[{"href":"https:\/\/www.europesays.com\/pt\/wp-json\/wp\/v2\/posts"}],"about":[{"href":"https:\/\/www.europesays.com\/pt\/wp-json\/wp\/v2\/types\/post"}],"author":[{"embeddable":true,"href":"https:\/\/www.europesays.com\/pt\/wp-json\/wp\/v2\/users\/2"}],"replies":[{"embeddable":true,"href":"https:\/\/www.europesays.com\/pt\/wp-json\/wp\/v2\/comments?post=163382"}],"version-history":[{"count":0,"href":"https:\/\/www.europesays.com\/pt\/wp-json\/wp\/v2\/posts\/163382\/revisions"}],"wp:featuredmedia":[{"embeddable":true,"href":"https:\/\/www.europesays.com\/pt\/wp-json\/wp\/v2\/media\/163383"}],"wp:attachment":[{"href":"https:\/\/www.europesays.com\/pt\/wp-json\/wp\/v2\/media?parent=163382"}],"wp:term":[{"taxonomy":"category","embeddable":true,"href":"https:\/\/www.europesays.com\/pt\/wp-json\/wp\/v2\/categories?post=163382"},{"taxonomy":"post_tag","embeddable":true,"href":"https:\/\/www.europesays.com\/pt\/wp-json\/wp\/v2\/tags?post=163382"}],"curies":[{"name":"wp","href":"https:\/\/api.w.org\/{rel}","templated":true}]}}