{"id":163384,"date":"2025-11-24T13:28:32","date_gmt":"2025-11-24T13:28:32","guid":{"rendered":"https:\/\/www.europesays.com\/pt\/163384\/"},"modified":"2025-11-24T13:28:32","modified_gmt":"2025-11-24T13:28:32","slug":"jose-leonardo-filho-de-virginia-e-ze-felipe-comeca-a-andar-e-oficial-terra","status":"publish","type":"post","link":"https:\/\/www.europesays.com\/pt\/163384\/","title":{"rendered":"Jos\u00e9 Leonardo, filho de Virginia e Z\u00e9 Felipe, come\u00e7a a andar: &#039;\u00c9 oficial&#039; &#8211; Terra"},"content":{"rendered":"<ol>\n<li><a href=\"https:\/\/news.google.com\/rss\/articles\/CBMi6gFBVV95cUxORVF4bDczSmRKM0x2Y095d2tXY3MtRkxaR0NJTEdqTUxOUHpVek5XSktxaU9YY2R1dTZtNnRpYUVyVGF3ZFQ5dVFnUlVqQTVpbUNXMWVpQ2lFaHEwa3pWQ21fSkw4MVdpWHNNU01WQy1sRk5pZ0pYOXhiMmxNRzVXTlVXZllxZ0Y3elFOdURibUJ1bzl6dVZRWm5YaGFwVXFJbWxpZEpfdXJDWFBTWUwwd1pkbHJlS1F6SDRXcWpHYzlOdUFTS0Jac291OWJDXzZudWNoMngxVUt2eXZKbWFBRXVmQktQeUd6Rmc?oc=5\" target=\"_blank\" rel=\"nofollow noopener\">Jos\u00e9 Leonardo, filho de Virginia e Z\u00e9 Felipe, come\u00e7a a andar: &#8216;\u00c9 oficial&#8217;<\/a>&nbsp;&nbsp;Terra<\/li>\n<li><a href=\"https:\/\/news.google.com\/rss\/articles\/CBMi1wFBVV95cUxNcmZyTWYtbHE1U2t5ZVM1bWlVVjBDYTdubUw2aVdUZ1F1TmlITnJCWUJuOXctdmRPSHpPcURzbFJud3BOVjRqUzFqeHB5bGwxb0Q4ZHIzRl9vRE5paGZkRUZSX3ItLVFqTThLNmhYOEVIdjZsa3NDSnljMkFhQUNuMmg3blozczVpQ1FoenZZY0E1SmU5VVJzUWJvUXhLUVREMG05YmJZazlwaC1kMEU2R3lRS0ZkNktRZ3VkNVczV2RJTVZSOEhoRTFXWFpJTlZvN1dyX204Y9IB5gFBVV95cUxPUDNNeThWelU0Ry1xZVZjMzdpTFl5WkJaY0ZiLVc3UFBYd2tKcEhrZlFtNmhSU1p5Zl9GWFNYeGxZWjdoNkY2elAzWjd0TVlwYkgwYkozNExlblN4VERiRXJCVGlhRWp2b2s0a2stWEN3b2JpUEF4cGpNNzd3RmpIdjNsZkNIVFFKaXlZcjRKWTl5azdXYjg4OENsZW9hUEdINTFZa3llS2dybUlWNTdZQ1hGUUFReHNvdGcwcGxPT3B2RUY5SGtTcEhsSU1HcU1QTnR2NUNERjFIcE5Qcldobk5WLURVZw?oc=5\" target=\"_blank\" rel=\"nofollow noopener\">Virginia vibra com o filho Jos\u00e9 Leonardo andando pela primeira vez: &#8216;Agora \u00e9 oficial&#8217;<\/a>&nbsp;&nbsp;Gshow<\/li>\n<li><a href=\"https:\/\/news.google.com\/rss\/articles\/CBMiqwFBVV95cUxPZ25oZ3VQT1cxd2ppR3lyZlZuZ3lGMGhZVUV1bHZxMWFJRFEtMHJHaXY2alB2azRYYndEdk1LbnFrZUdzb1g2Y05SQ1pIc1hvb2ZqaUxWN015V1ZVeXFpSVZGSVNPa2hUY0laWEM5WmVSMEMzcm5vWDc2cVZ6Qjh4Z3BsbzN2OGlLRTJYNnY2ZnZQUHg5ZGJ1ZEljZzBsVjhYR2E5Mzg0YkZrSTQ?oc=5\" target=\"_blank\" rel=\"nofollow noopener\">V\u00eddeo: Virginia se emociona ao ver Jos\u00e9 Leonardo andando pela 1\u00aa vez<\/a>&nbsp;&nbsp;Metr\u00f3poles<\/li>\n<li><a href=\"https:\/\/news.google.com\/rss\/articles\/CBMizAFBVV95cUxQUXJDOEtLbVFvSTgyR2FrXzBORVhlY0FVNFlOblJ5WThKNlZBczhUdTZtUVpYUF9QQjEzaHFwYno5WldPRFFpMno1TmJ3eEZhSVM1Y2pJUjc2MjZ1Z0RQN0xWSnhrb1FENkt4cjFndllreHhiVG9nTV9KRkJrNTNjZWZUYVpueFlISWQ5bTBvZDhVVFhUYUo4bXBEWjAwY2V4eHlzQjdDRDVkVkJiRWFrRndFMzFhMWJtR2UzVExTSE93MmFzM2tjNXdpMXfSAdIBQVVfeXFMT0gxSlZ4Z0UxQVZzQmhJeXJfMng2UWNCS21VbmZiclRsY2t6c1NQcTc3MGVXVWpxbjVLbm1keC1iT0pUZTAxdWF5X2dsYjg3dkpPcnBXM0FWc1NMZG1hc0VEU04yNGppWlAxY3V0LThTMlJpM0tGaU96Vmdjem9KUGdrc24tN0ZfLXZpdzQxT0FOZDNpU3FRMkVJZDFQUWJWRGFNR05oaHJkcVVVU3ZKcWh6Nmd5eHRCM19xTjFRSy1QNnhjZU5BeFhGWWNKNF9MQ05n?oc=5\" target=\"_blank\" rel=\"nofollow noopener\">Filho de Virginia e Z\u00e9 Felipe come\u00e7a a andar e mobiliza fam\u00edlia nas redes<\/a>&nbsp;&nbsp;NaTelinha<\/li>\n<li><a href=\"https:\/\/news.google.com\/rss\/articles\/CBMisAFBVV95cUxPTkR3UFJkaFFBb1RzX1MydTljR2t4QVIybHpWcnRJS1NkLXcwbXU1emFZb3dJWHNNWmg2MTRCYjVxaERsMXo1b0JNUWtLeUdDOVNDS3dBQXRjaDBFRU1TVl9MOEI4djhBaWRLYUVWSV9zZGxucVZUTWQzN0FqVWhYOW45MmhnUC1SSzIzNG1rVEl6ZEN4d1p3aWlMMXQ2cGFodlpPNFUzOENOeVpjRGdLbw?oc=5\" target=\"_blank\" rel=\"nofollow noopener\">Virginia mostra primeiros passos do filho e m\u00e3e de Z\u00e9 Felipe reage<\/a>&nbsp;&nbsp;CNN Brasil<\/li>\n<\/ol>\n","protected":false},"excerpt":{"rendered":"Jos\u00e9 Leonardo, filho de Virginia e Z\u00e9 Felipe, come\u00e7a a andar: &#8216;\u00c9 oficial&#8217;&nbsp;&nbsp;Terra Virginia vibra com o filho&hellip;\n","protected":false},"author":2,"featured_media":163385,"comment_status":"","ping_status":"","sticky":false,"template":"","format":"standard","meta":{"footnotes":""},"categories":[145],"tags":[211,210,114,115,32,33],"class_list":{"0":"post-163384","1":"post","2":"type-post","3":"status-publish","4":"format-standard","5":"has-post-thumbnail","7":"category-celebridades","8":"tag-celebridades","9":"tag-celebrities","10":"tag-entertainment","11":"tag-entretenimento","12":"tag-portugal","13":"tag-pt"},"share_on_mastodon":{"url":"https:\/\/pubeurope.com\/@pt\/115604914381397392","error":""},"_links":{"self":[{"href":"https:\/\/www.europesays.com\/pt\/wp-json\/wp\/v2\/posts\/163384","targetHints":{"allow":["GET"]}}],"collection":[{"href":"https:\/\/www.europesays.com\/pt\/wp-json\/wp\/v2\/posts"}],"about":[{"href":"https:\/\/www.europesays.com\/pt\/wp-json\/wp\/v2\/types\/post"}],"author":[{"embeddable":true,"href":"https:\/\/www.europesays.com\/pt\/wp-json\/wp\/v2\/users\/2"}],"replies":[{"embeddable":true,"href":"https:\/\/www.europesays.com\/pt\/wp-json\/wp\/v2\/comments?post=163384"}],"version-history":[{"count":0,"href":"https:\/\/www.europesays.com\/pt\/wp-json\/wp\/v2\/posts\/163384\/revisions"}],"wp:featuredmedia":[{"embeddable":true,"href":"https:\/\/www.europesays.com\/pt\/wp-json\/wp\/v2\/media\/163385"}],"wp:attachment":[{"href":"https:\/\/www.europesays.com\/pt\/wp-json\/wp\/v2\/media?parent=163384"}],"wp:term":[{"taxonomy":"category","embeddable":true,"href":"https:\/\/www.europesays.com\/pt\/wp-json\/wp\/v2\/categories?post=163384"},{"taxonomy":"post_tag","embeddable":true,"href":"https:\/\/www.europesays.com\/pt\/wp-json\/wp\/v2\/tags?post=163384"}],"curies":[{"name":"wp","href":"https:\/\/api.w.org\/{rel}","templated":true}]}}