{"id":163403,"date":"2025-11-24T13:46:10","date_gmt":"2025-11-24T13:46:10","guid":{"rendered":"https:\/\/www.europesays.com\/pt\/163403\/"},"modified":"2025-11-24T13:46:10","modified_gmt":"2025-11-24T13:46:10","slug":"gracyanne-barbosa-rebate-critica-por-ainda-morar-com-a-mae-e-filha-de-belo-celebridades","status":"publish","type":"post","link":"https:\/\/www.europesays.com\/pt\/163403\/","title":{"rendered":"Gracyanne Barbosa rebate cr\u00edtica por ainda morar com a m\u00e3e e filha de Belo | Celebridades"},"content":{"rendered":"<p>                                        Gracyanne Barbosa  &#8211; Reprodu\u00e7\u00e3o\/Instagram<\/p>\n<p class=\"content-media__description\">Gracyanne Barbosa Reprodu\u00e7\u00e3o\/Instagram<\/p>\n<p>                            Publicado 24\/11\/2025 09:24\n                    <\/p>\n<p>Rio &#8211;\u00a0Gracyanne Barbosa, de 42 anos, interagiu com os seguidores atrav\u00e9s de uma caixinha de perguntas, no Instagram, neste domingo (23), e reagiu \u00e0 cr\u00edtica de um deles por seguir morando com a ex-sogra, Dona Terezinha, e uma das filhas de Belo, Isadora, na Zona Sudoeste do Rio.\u00a0<\/p>\n<p>&#8220;Vai continuar morando com a sogra e a filha do ex? Que loucura&#8221;, perguntou um internauta. Sem papas na l\u00edngua, Gracy respondeu: &#8220;Por que loucura? Nosso elo e nosso amor sempre existir\u00e3o! Enquanto elas quiserem, ficar\u00e3o aqui na minha casa e receber\u00e3o de mim amor, cuidado e prote\u00e7\u00e3o&#8221;.\u00a0<\/p>\n<p>Gracyanne e Belo anunciaram a separa\u00e7\u00e3o em\u00a0abril do ano passado, ap\u00f3s 16 anos de relacionamento. Atualmente, o cantor vive uma rela\u00e7\u00e3o com a empres\u00e1ria e influenciadora digital Rayane Figliuzzi, confinada em &#8220;A Fazenda&#8221;, da Record.\u00a0<\/p>\n","protected":false},"excerpt":{"rendered":"Gracyanne Barbosa &#8211; Reprodu\u00e7\u00e3o\/Instagram Gracyanne Barbosa Reprodu\u00e7\u00e3o\/Instagram Publicado 24\/11\/2025 09:24 Rio &#8211;\u00a0Gracyanne Barbosa, de 42 anos, interagiu com&hellip;\n","protected":false},"author":2,"featured_media":163404,"comment_status":"","ping_status":"","sticky":false,"template":"","format":"standard","meta":{"footnotes":""},"categories":[145],"tags":[4385,211,210,114,115,33958,5735,32,33],"class_list":{"0":"post-163403","1":"post","2":"type-post","3":"status-publish","4":"format-standard","5":"has-post-thumbnail","7":"category-celebridades","8":"tag-belo","9":"tag-celebridades","10":"tag-celebrities","11":"tag-entertainment","12":"tag-entretenimento","13":"tag-ex-sogra","14":"tag-gracyanne-barbosa","15":"tag-portugal","16":"tag-pt"},"share_on_mastodon":{"url":"https:\/\/pubeurope.com\/@pt\/115604985163027014","error":""},"_links":{"self":[{"href":"https:\/\/www.europesays.com\/pt\/wp-json\/wp\/v2\/posts\/163403","targetHints":{"allow":["GET"]}}],"collection":[{"href":"https:\/\/www.europesays.com\/pt\/wp-json\/wp\/v2\/posts"}],"about":[{"href":"https:\/\/www.europesays.com\/pt\/wp-json\/wp\/v2\/types\/post"}],"author":[{"embeddable":true,"href":"https:\/\/www.europesays.com\/pt\/wp-json\/wp\/v2\/users\/2"}],"replies":[{"embeddable":true,"href":"https:\/\/www.europesays.com\/pt\/wp-json\/wp\/v2\/comments?post=163403"}],"version-history":[{"count":0,"href":"https:\/\/www.europesays.com\/pt\/wp-json\/wp\/v2\/posts\/163403\/revisions"}],"wp:featuredmedia":[{"embeddable":true,"href":"https:\/\/www.europesays.com\/pt\/wp-json\/wp\/v2\/media\/163404"}],"wp:attachment":[{"href":"https:\/\/www.europesays.com\/pt\/wp-json\/wp\/v2\/media?parent=163403"}],"wp:term":[{"taxonomy":"category","embeddable":true,"href":"https:\/\/www.europesays.com\/pt\/wp-json\/wp\/v2\/categories?post=163403"},{"taxonomy":"post_tag","embeddable":true,"href":"https:\/\/www.europesays.com\/pt\/wp-json\/wp\/v2\/tags?post=163403"}],"curies":[{"name":"wp","href":"https:\/\/api.w.org\/{rel}","templated":true}]}}