{"id":163417,"date":"2025-11-24T13:57:20","date_gmt":"2025-11-24T13:57:20","guid":{"rendered":"https:\/\/www.europesays.com\/pt\/163417\/"},"modified":"2025-11-24T13:57:20","modified_gmt":"2025-11-24T13:57:20","slug":"7-plantas-que-resistem-bem-ao-frio-dentro-de-casa","status":"publish","type":"post","link":"https:\/\/www.europesays.com\/pt\/163417\/","title":{"rendered":"7 plantas que resistem bem ao frio dentro de casa"},"content":{"rendered":"<p>Quais s\u00e3o as plantas que melhor resistem a temperaturas mais baixas? Foi a esta pergunta que o website Gardening respondeu. De seguida poder\u00e1 tomar conhecimento de sete plantas que se adaptam bem a ambientes mais frios.<\/p>\n<p>1. Cicl\u00e2men<\/p>\n<p>Quem disse que s\u00f3 podemos ter flores na primavera? A cicl\u00e2men \u00e9 uma pequena planta perene tuberosa com folhas em forma de cora\u00e7\u00e3o e flores que poder\u00e3o ser cor-de-rosa, roxas, vermelhas ou brancas. Esta murcha no ver\u00e3o e renasce no outono.\u00a0<\/p>\n<p>A cicl\u00e2men d\u00e1-se muito bem em ambientes mais frios, requerendo no entanto uma terra fertilizada e luz solar indireta.\u00a0<\/p>\n<p>2. Flor de maio<\/p>\n<p>Outra planta que se destaca pela beleza das suas flores \u00e9 a flor de maio. Para estimular o crescimento da flor \u00e9 necess\u00e1rio coloc\u00e1-la 15 horas num local mais escuro, h\u00e1bito que dever\u00e1 durar entre 4 a 6 semanas, sem interrup\u00e7\u00f5es.\u00a0<\/p>\n<p>Assim, a melhor maneira de fazer a flor crescer \u00e9 mant\u00ea-la ao ar livre, num local com sobra e protegido at\u00e9 as temperaturas come\u00e7arem a descer. \u00c9 neste momento que dever\u00e1 lev\u00e1-la para dentro de casa.\u00a0<\/p>\n<p>3. Hera<\/p>\n<p>A hera \u00e9 uma das plantas mais populares para o interior de uma casa, exigindo temperaturas entre os 10\u00baC e os 21\u00baC. A hera n\u00e3o gosta de luz solar direta e precisa de humidade, pelo que se aconselha que se borrife \u00e1gua de vez em quando.<\/p>\n<p>4. Tradescantia zebrina<\/p>\n<p>A tradescantia zebrina \u00e9 uma planta com folhas em formato de cora\u00e7\u00e3o com riscas em tons de roxo e prateado.\u00a0<\/p>\n<p>Esta beneficia de locais com luz solar indireta mas intensa, em terra bem fertilizada e regada. Quanto mais luz esta planta receber, maior probabilidade h\u00e1 de florescerem flores violetas, brancas e cor-de-rosa.<\/p>\n<p>Os cuidados com esta planta s\u00e3o m\u00ednimos, bastando reg\u00e1-la quando a camada superficial da terra se revelar seca ao toque.<\/p>\n<p>5. \u00c1rvores c\u00edtricas<\/p>\n<p>As \u00e1rvores c\u00edtricas, como \u00e9 o caso do limoeiro, gostam de temperaturas que variem entre os 13\u00baC e os 29\u00baC, contudo, durante o inverno adaptam-se facilmente a um limite entre os 10\u00baC e os 16\u00baC. Ali\u00e1s, esta varia\u00e7\u00e3o de 10 graus estimula o crescimento de flores.\u00a0<\/p>\n<p>Ainda assim, as \u00e1rvores c\u00edtricas s\u00e3o sens\u00edveis a correntes de ar e mudan\u00e7as bruscas de temperatura. Gostam tamb\u00e9m de ambientes h\u00famidos, pelo que aconselha-se a coloc\u00e1-las na cozinha, casa de banho ou a borrif\u00e1-las com \u00e1gua.\u00a0<\/p>\n<p>6. Fatsia jap\u00f4nica<\/p>\n<p>A Fatsia jap\u00f4nica pode ser cultivada enquanto planta de interior e ser levada para o exterior durante os meses de ver\u00e3o. No outono d\u00e1 flor e no inverno bagas escuras.\u00a0<\/p>\n<p>Esta requer uma terra bem regada e sombra parcial ou luz indireta, com temperaturas entre os 16\u00baC e os 21\u00baC.\u00a0<\/p>\n<p>7. Pinheiro de Norfolk<\/p>\n<p>O pinheiro de Norfolk preferem temperaturas entre os 16\u00baC e os 21\u00baC, com seis horas ou mais de luz solar indireta, terra h\u00famida mas arenosa, uma vez que n\u00e3o gostam muito de \u00e1gua.\u00a0<\/p>\n<p>Esta \u00e1rvore poder\u00e1 crescer 2 a 3 metros de altura e de 61 a 91 cent\u00edmetros enquanto planta de interior. Os pinheiros de Norfolk funcionam muito bem como \u00e1rvores de Natal em miniatura quando devidamente decorados.\u00a0<\/p>\n<p>                                                    <img decoding=\"async\" src=\"https:\/\/www.europesays.com\/pt\/wp-content\/uploads\/2025\/11\/naom_690e014ab7309.jpg\" border=\"0\" alt=\"Faz bem \u00e0 sa\u00fade e d\u00e1-se com pouca luz: A planta ideal para a sua sala\"\/><\/p>\n<p>A planta de Alo\u00e9 Vera \u00e9 ideal para espa\u00e7os com pouca luz, como \u00e9 o caso da sala ou outras divis\u00f5es da casa com menor exposi\u00e7\u00e3o solar. Perceba como cuidar dela, sobretudo no que diz quest\u00e3o \u00e0 rega, fundamental para o seu crescimento.<\/p>\n<p>                                                     Mariline Direito Rodrigues | 17:07 &#8211; 09\/11\/2025 <\/p>\n","protected":false},"excerpt":{"rendered":"Quais s\u00e3o as plantas que melhor resistem a temperaturas mais baixas? Foi a esta pergunta que o website&hellip;\n","protected":false},"author":2,"featured_media":163418,"comment_status":"","ping_status":"","sticky":false,"template":"","format":"standard","meta":{"footnotes":""},"categories":[50],"tags":[27,28,15,16,14,25,26,21,22,62,12,13,19,20,23,24,17,18,29,30,31,63,64,65],"class_list":{"0":"post-163417","1":"post","2":"type-post","3":"status-publish","4":"format-standard","5":"has-post-thumbnail","7":"category-mundo","8":"tag-breaking-news","9":"tag-breakingnews","10":"tag-featured-news","11":"tag-featurednews","12":"tag-headlines","13":"tag-latest-news","14":"tag-latestnews","15":"tag-main-news","16":"tag-mainnews","17":"tag-mundo","18":"tag-news","19":"tag-noticias","20":"tag-noticias-principais","21":"tag-noticiasprincipais","22":"tag-principais-noticias","23":"tag-principaisnoticias","24":"tag-top-stories","25":"tag-topstories","26":"tag-ultimas","27":"tag-ultimas-noticias","28":"tag-ultimasnoticias","29":"tag-world","30":"tag-world-news","31":"tag-worldnews"},"share_on_mastodon":{"url":"https:\/\/pubeurope.com\/@pt\/115605028841961641","error":""},"_links":{"self":[{"href":"https:\/\/www.europesays.com\/pt\/wp-json\/wp\/v2\/posts\/163417","targetHints":{"allow":["GET"]}}],"collection":[{"href":"https:\/\/www.europesays.com\/pt\/wp-json\/wp\/v2\/posts"}],"about":[{"href":"https:\/\/www.europesays.com\/pt\/wp-json\/wp\/v2\/types\/post"}],"author":[{"embeddable":true,"href":"https:\/\/www.europesays.com\/pt\/wp-json\/wp\/v2\/users\/2"}],"replies":[{"embeddable":true,"href":"https:\/\/www.europesays.com\/pt\/wp-json\/wp\/v2\/comments?post=163417"}],"version-history":[{"count":0,"href":"https:\/\/www.europesays.com\/pt\/wp-json\/wp\/v2\/posts\/163417\/revisions"}],"wp:featuredmedia":[{"embeddable":true,"href":"https:\/\/www.europesays.com\/pt\/wp-json\/wp\/v2\/media\/163418"}],"wp:attachment":[{"href":"https:\/\/www.europesays.com\/pt\/wp-json\/wp\/v2\/media?parent=163417"}],"wp:term":[{"taxonomy":"category","embeddable":true,"href":"https:\/\/www.europesays.com\/pt\/wp-json\/wp\/v2\/categories?post=163417"},{"taxonomy":"post_tag","embeddable":true,"href":"https:\/\/www.europesays.com\/pt\/wp-json\/wp\/v2\/tags?post=163417"}],"curies":[{"name":"wp","href":"https:\/\/api.w.org\/{rel}","templated":true}]}}