{"id":163419,"date":"2025-11-24T14:04:12","date_gmt":"2025-11-24T14:04:12","guid":{"rendered":"https:\/\/www.europesays.com\/pt\/163419\/"},"modified":"2025-11-24T14:04:12","modified_gmt":"2025-11-24T14:04:12","slug":"primeira-turma-do-stf-mantem-prisao-preventiva-de-bolsonaro-o-que-acontece-agora-g1","status":"publish","type":"post","link":"https:\/\/www.europesays.com\/pt\/163419\/","title":{"rendered":"Primeira Turma do STF mant\u00e9m pris\u00e3o preventiva de Bolsonaro; o que acontece agora? &#8211; G1"},"content":{"rendered":"<ol>\n<li><a href=\"https:\/\/news.google.com\/rss\/articles\/CBMi0AFBVV95cUxOeVJhUDJSb3dpVTJnVkZId2tENVQ1eGJHVW82ZnN1d2NaSW9VQ3FCWk1iVVJ1LUg5bHlFMWpPTTBjYXlLNFZ3RVQtRkswOTRySXVObTZZeFJiMVVzdEIwSW54aklEWWRFNGN1cmNBQmUxWTVrOFc0R1NtTnRmUzFpWUFuRGJKd3JUVkZJdFhBZGpBcEp1ZGRIWGFnczJtLUdGeVRvaUZOeV9JM2o3R1ZiVXhZZWJrSEExT190blF2blRtX3hOcjRaR2ppX3EwVFlj?oc=5\" target=\"_blank\" rel=\"nofollow noopener\">Primeira Turma do STF mant\u00e9m pris\u00e3o preventiva de Bolsonaro; o que acontece agora?<\/a>&nbsp;&nbsp;G1<\/li>\n<li><a href=\"https:\/\/news.google.com\/rss\/articles\/CBMiqgFBVV95cUxNdElVQWIybERqZGE1MWZlalRZcU84a1JlclVVVGNNZnFmaF9lT3lORlNSSElxRndlMW5WQ2U0aFpXa2d3anp0bUZHdnNETEJqOVZGLWZPdjlrV1VTY3h1TWZRMHJIMHFTQWpuWTVyM2QwSnNacHJHVU8tekl2U2pTUE5KcVViZkRMM05POEdjWUNsVGxxLUZNZ2VEdWMyUkZrc3hnSTZUejBodw?oc=5\" target=\"_blank\" rel=\"nofollow noopener\">Leia na \u00edntegra votos de Moraes e Dino para manter pris\u00e3o de Bolsonaro<\/a>&nbsp;&nbsp;VEJA<\/li>\n<li><a href=\"https:\/\/news.google.com\/rss\/articles\/CBMitAFBVV95cUxNUDR3QjUtbFZXUzhQbkVMVFFXbTlCT196UXRYTEtmU1F4dEZaUmloOHRXdWZIS2lYT3ppLWNuOWRpcmZqU042eTNiLVoyMWwxNXBxeHdFejNGTzU0NENSUjRmOU1ONmN6RTI4YkZXVWtzWUE2bDYxMmdORXBhZFhkX3Q2bEJ2RTNjRk5ROFNPSldOOHdKeTgtdHFZQTBPY0cyUjFNVmJmd05vclhPMXBTNGRDRUw?oc=5\" target=\"_blank\" rel=\"nofollow noopener\">Na PF, Bolsonaro age normalmente e sem ind\u00edcios de surto<\/a>&nbsp;&nbsp;CNN Brasil<\/li>\n<li><a href=\"https:\/\/news.google.com\/rss\/articles\/CBMivwFBVV95cUxNc0M0V3pNX1NfZzBRRFc4WExlUXNpOGp3V3BDU0JVNTY2UDViSjhoTFZWOU0wdjVHNUdUa01XUVpKd0toUTRHalRnYUpMQ2IwUU9sNjBHX3lrY2JxVnp1cHlvTXBzQ01XWkQ1TWsyeW5nMTJ0NXVqaWtXRWZoTDlOdXBLS0pXYU04MFRJWEhFRjQxN2cwSFpKTWVzcTdBcHViSEZGSjVmR1VBMDVnSWxGc1JLSnlQZ2VCdm80eE55SQ?oc=5\" target=\"_blank\" rel=\"nofollow noopener\">Bolsonaro cita paranoia em audi\u00eancia de cust\u00f3dia; pris\u00e3o \u00e9 mantida<\/a>&nbsp;&nbsp;Ag\u00eancia Brasil<\/li>\n<li><a href=\"https:\/\/news.google.com\/rss\/articles\/CBMi-AFBVV95cUxOYm90V2V0b1B4Z2NJeDBPV1NPNy14RWtCeTJkamVCQUJ2QVAzZ08yZm5nMjgtMXlHYi0yNFhncWRReFV6ME1SYVkwRUloMlF2Wlg2VzJKT2hRRjRyMkxtVExuQ3dSLVdqRmR0TmFMQmxyOGpDV0JZcVNkZG9QNmFhSG5CSTFMaEl2NHI4Q214X0hyRHlSdnFMb182cmktMU5QMktGekdlMXRXSWNqN3dWaDJ5SXN2VVhSN1dvMlR0S1pJR1AtNF9kY3RUTVQ1clFvTklfUUhYbnVGNWZUaGk1a2dDa2xYY1VwXzlQYmc2d29xTTZ3TU9YQg?oc=5\" target=\"_blank\" rel=\"nofollow noopener\">Primeira Turma do STF forma maioria para manter pris\u00e3o preventiva de Bolsonaro<\/a>&nbsp;&nbsp;Terra<\/li>\n<\/ol>\n","protected":false},"excerpt":{"rendered":"Primeira Turma do STF mant\u00e9m pris\u00e3o preventiva de Bolsonaro; o que acontece agora?&nbsp;&nbsp;G1 Leia na \u00edntegra votos de&hellip;\n","protected":false},"author":2,"featured_media":163420,"comment_status":"","ping_status":"","sticky":false,"template":"","format":"standard","meta":{"footnotes":""},"categories":[8],"tags":[27,28,15,16,14,25,26,21,22,12,13,19,20,32,23,24,33,17,18,29,30,31],"class_list":{"0":"post-163419","1":"post","2":"type-post","3":"status-publish","4":"format-standard","5":"has-post-thumbnail","7":"category-principais-noticias","8":"tag-breaking-news","9":"tag-breakingnews","10":"tag-featured-news","11":"tag-featurednews","12":"tag-headlines","13":"tag-latest-news","14":"tag-latestnews","15":"tag-main-news","16":"tag-mainnews","17":"tag-news","18":"tag-noticias","19":"tag-noticias-principais","20":"tag-noticiasprincipais","21":"tag-portugal","22":"tag-principais-noticias","23":"tag-principaisnoticias","24":"tag-pt","25":"tag-top-stories","26":"tag-topstories","27":"tag-ultimas","28":"tag-ultimas-noticias","29":"tag-ultimasnoticias"},"share_on_mastodon":{"url":"https:\/\/pubeurope.com\/@pt\/115605056095176389","error":""},"_links":{"self":[{"href":"https:\/\/www.europesays.com\/pt\/wp-json\/wp\/v2\/posts\/163419","targetHints":{"allow":["GET"]}}],"collection":[{"href":"https:\/\/www.europesays.com\/pt\/wp-json\/wp\/v2\/posts"}],"about":[{"href":"https:\/\/www.europesays.com\/pt\/wp-json\/wp\/v2\/types\/post"}],"author":[{"embeddable":true,"href":"https:\/\/www.europesays.com\/pt\/wp-json\/wp\/v2\/users\/2"}],"replies":[{"embeddable":true,"href":"https:\/\/www.europesays.com\/pt\/wp-json\/wp\/v2\/comments?post=163419"}],"version-history":[{"count":0,"href":"https:\/\/www.europesays.com\/pt\/wp-json\/wp\/v2\/posts\/163419\/revisions"}],"wp:featuredmedia":[{"embeddable":true,"href":"https:\/\/www.europesays.com\/pt\/wp-json\/wp\/v2\/media\/163420"}],"wp:attachment":[{"href":"https:\/\/www.europesays.com\/pt\/wp-json\/wp\/v2\/media?parent=163419"}],"wp:term":[{"taxonomy":"category","embeddable":true,"href":"https:\/\/www.europesays.com\/pt\/wp-json\/wp\/v2\/categories?post=163419"},{"taxonomy":"post_tag","embeddable":true,"href":"https:\/\/www.europesays.com\/pt\/wp-json\/wp\/v2\/tags?post=163419"}],"curies":[{"name":"wp","href":"https:\/\/api.w.org\/{rel}","templated":true}]}}