{"id":163427,"date":"2025-11-24T14:11:08","date_gmt":"2025-11-24T14:11:08","guid":{"rendered":"https:\/\/www.europesays.com\/pt\/163427\/"},"modified":"2025-11-24T14:11:08","modified_gmt":"2025-11-24T14:11:08","slug":"ja-e-conhecido-o-local-do-casamento-de-ronaldo-e-georgina","status":"publish","type":"post","link":"https:\/\/www.europesays.com\/pt\/163427\/","title":{"rendered":"J\u00e1 \u00e9 conhecido o local do casamento de Ronaldo e Georgina"},"content":{"rendered":"<p>Cristiano Ronaldo e Georgina Rodr\u00edguez v\u00e3o casar na Ilha da Madeira! O casal escolheu a terra natal do craque portugu\u00eas para celebrar o momento, que acontecer\u00e1 no ver\u00e3o de 2026, avan\u00e7ou esta segunda-feira o Jornal Madeira.<\/p>\n<p>No que toca ao local, o momento do matrim\u00f3nio ser\u00e1 realizado na S\u00e9 do Funchal, com a posterior festa marcada para um hotel de luxo da regi\u00e3o.<\/p>\n<p>De recordar que <a href=\"https:\/\/maisfutebol.iol.pt\/mf-social\/cristiano-ronaldo\/cristiano-ronaldo-e-georgina-vao-casar-sim-nesta-e-em-todas-as-minhas-vidas\" target=\"_blank\" rel=\"nofollow noopener\">Cristiano pediu Georgina em casamento no m\u00eas de agosto deste ano<\/a>, <a href=\"https:\/\/maisfutebol.iol.pt\/cristiano-ronaldo\/ronaldo\/ronaldo-revela-detalhes-do-pedido-de-casamento-a-georgina-foi-engracado\" target=\"_blank\" rel=\"nofollow noopener\">num momento em que o mesmo considerou \u00abengra\u00e7ado\u00bb.<\/a><\/p>\n<p>RELACIONADOS<\/p>\n<p>                                                <a data-iol-identity=\"relacionados\" target=\"_blank\" href=\"https:\/\/maisfutebol.iol.pt\/cristiano-ronaldo\/al-nassr\/a-recuar-nos-anos-imprensa-internacional-estupefacta-com-bicicleta-de-ronaldo\" rel=\"nofollow noopener\">&#13;<\/p>\n<p>                                                    &#13;<\/p>\n<p>\u00abA recuar nos anos\u00bb: imprensa internacional estupefacta com bicicleta de Ronaldo<\/p>\n<p>&#13;<br \/>\n                                                <\/a><\/p>\n<p>                                                <a data-iol-identity=\"relacionados\" target=\"_blank\" href=\"https:\/\/maisfutebol.iol.pt\/internacional\/futebol\/video-brilho-de-felix-e-bicicleta-de-ronaldo-na-goleada-do-al-nassr\" rel=\"nofollow noopener\">&#13;<\/p>\n<p>                                                    &#13;<\/p>\n<p>V\u00cdDEO: brilho de F\u00e9lix e bicicleta de Ronaldo na goleada do Al Nassr<\/p>\n<p>&#13;<br \/>\n                                                <\/a><\/p>\n<p>                                                <a data-iol-identity=\"relacionados\" target=\"_blank\" href=\"https:\/\/maisfutebol.iol.pt\/inglaterra\/joao-palhinha\/palhinha-responde-as-criticas-de-carragher-se-ate-fala-mal-do-ronaldo\" rel=\"nofollow noopener\">&#13;<\/p>\n<p>                                                    &#13;<\/p>\n<p>Palhinha responde \u00e0s cr\u00edticas de Carragher: \u00abSe at\u00e9 fala mal do Ronaldo&#8230;\u00bb<\/p>\n<p>&#13;<br \/>\n                                                <\/a><\/p>\n","protected":false},"excerpt":{"rendered":"Cristiano Ronaldo e Georgina Rodr\u00edguez v\u00e3o casar na Ilha da Madeira! O casal escolheu a terra natal do&hellip;\n","protected":false},"author":2,"featured_media":114771,"comment_status":"","ping_status":"","sticky":false,"template":"","format":"standard","meta":{"footnotes":""},"categories":[87],"tags":[1435,34610,668,667,135,3509,1301,46,7660,32,33,47,134],"class_list":{"0":"post-163427","1":"post","2":"type-post","3":"status-publish","4":"format-standard","5":"has-post-thumbnail","7":"category-desporto","8":"tag-casamento","9":"tag-casamento-ronaldo","10":"tag-cr7","11":"tag-cristiano-ronaldo","12":"tag-desporto","13":"tag-georgina-rodriguez","14":"tag-madeira","15":"tag-maisfutebol","16":"tag-mf-social","17":"tag-portugal","18":"tag-pt","19":"tag-pura-paixao","20":"tag-sports"},"share_on_mastodon":{"url":"https:\/\/pubeurope.com\/@pt\/115605084279996770","error":""},"_links":{"self":[{"href":"https:\/\/www.europesays.com\/pt\/wp-json\/wp\/v2\/posts\/163427","targetHints":{"allow":["GET"]}}],"collection":[{"href":"https:\/\/www.europesays.com\/pt\/wp-json\/wp\/v2\/posts"}],"about":[{"href":"https:\/\/www.europesays.com\/pt\/wp-json\/wp\/v2\/types\/post"}],"author":[{"embeddable":true,"href":"https:\/\/www.europesays.com\/pt\/wp-json\/wp\/v2\/users\/2"}],"replies":[{"embeddable":true,"href":"https:\/\/www.europesays.com\/pt\/wp-json\/wp\/v2\/comments?post=163427"}],"version-history":[{"count":0,"href":"https:\/\/www.europesays.com\/pt\/wp-json\/wp\/v2\/posts\/163427\/revisions"}],"wp:featuredmedia":[{"embeddable":true,"href":"https:\/\/www.europesays.com\/pt\/wp-json\/wp\/v2\/media\/114771"}],"wp:attachment":[{"href":"https:\/\/www.europesays.com\/pt\/wp-json\/wp\/v2\/media?parent=163427"}],"wp:term":[{"taxonomy":"category","embeddable":true,"href":"https:\/\/www.europesays.com\/pt\/wp-json\/wp\/v2\/categories?post=163427"},{"taxonomy":"post_tag","embeddable":true,"href":"https:\/\/www.europesays.com\/pt\/wp-json\/wp\/v2\/tags?post=163427"}],"curies":[{"name":"wp","href":"https:\/\/api.w.org\/{rel}","templated":true}]}}