{"id":163442,"date":"2025-11-24T14:23:08","date_gmt":"2025-11-24T14:23:08","guid":{"rendered":"https:\/\/www.europesays.com\/pt\/163442\/"},"modified":"2025-11-24T14:23:08","modified_gmt":"2025-11-24T14:23:08","slug":"fa-que-atacou-ariana-grande-em-evento-de-wicked-e-deportado-e-banido-de-singapura","status":"publish","type":"post","link":"https:\/\/www.europesays.com\/pt\/163442\/","title":{"rendered":"F\u00e3 que atacou Ariana Grande em evento de \u201cWicked\u201d \u00e9 deportado e banido de Singapura"},"content":{"rendered":"<p>O f\u00e3 australiano que <strong><a href=\"https:\/\/www.correiodopovo.com.br\/arteagenda\/ariana-grande-e-atacada-por-fa-e-cynthia-erivo-defende-a-atriz-1.1667489\" target=\"_blank\" rel=\"nofollow noopener\">atacou Ariana Grande<\/a><\/strong> durante um evento de divulga\u00e7\u00e3o de <strong><a href=\"https:\/\/www.correiodopovo.com.br\/topicos\/Tag\/WICKED\" target=\"_blank\" rel=\"nofollow noopener\">\u201cWicked\u201d<\/a><\/strong> em Singapura, em 13 de outubro, foi deportado e est\u00e1 oficialmente banido do pa\u00eds. Antes disso, ele j\u00e1 havia sido condenado a nove dias de pris\u00e3o.<\/p>\n<p>Segundo a BBC, a Autoridade de Imigra\u00e7\u00e3o e Postos de Controle de Singapura informou que Johnson Wen, 26, n\u00e3o poder\u00e1 retornar ao territ\u00f3rio. Ele invadiu a \u00e1rea restrita e correu em dire\u00e7\u00e3o \u00e0 atriz quando o elenco deixava o local, abra\u00e7ando-a pelo pesco\u00e7o. A situa\u00e7\u00e3o assustou Ariana e as pessoas ao redor.<\/p>\n<p>Cynthia Erivo, int\u00e9rprete de Elphaba no filme, reagiu imediatamente e ajudou a afast\u00e1-lo. Em seguida, seguran\u00e7as conseguiram cont\u00ea-lo, e Wen foi detido.<\/p>\n<p>Ap\u00f3s ser liberado, Wen publicou no Instagram: &#8220;Estou livre ap\u00f3s ter sido preso&#8221;. Ele tamb\u00e9m compartilhou o v\u00eddeo do momento em que agarrou a cantora e escreveu: &#8220;Querida Ariana Grande, obrigado por me deixar pular com voc\u00ea no tapete amarelo&#8221;.<\/p>\n<p>Wen, que \u00e9 suspeito de ter perturbado outros eventos esportivos e shows internacionais no passado, &#8220;mostrou um padr\u00e3o de comportamento que sugere que ele far\u00e1 isso novamente&#8221;, declarou o juiz Christopher Goh antes de proferir a senten\u00e7a de nove dias de pris\u00e3o.<\/p>\n<p>Veja Tamb\u00e9m<\/p>\n","protected":false},"excerpt":{"rendered":"O f\u00e3 australiano que atacou Ariana Grande durante um evento de divulga\u00e7\u00e3o de \u201cWicked\u201d em Singapura, em 13&hellip;\n","protected":false},"author":2,"featured_media":152993,"comment_status":"","ping_status":"","sticky":false,"template":"","format":"standard","meta":{"footnotes":""},"categories":[141],"tags":[1940,3428,114,115,8359,149,150,32,33,2319,14478],"class_list":{"0":"post-163442","1":"post","2":"type-post","3":"status-publish","4":"format-standard","5":"has-post-thumbnail","7":"category-musica","8":"tag-ariana-grande","9":"tag-arte-agenda","10":"tag-entertainment","11":"tag-entretenimento","12":"tag-fa","13":"tag-music","14":"tag-musica","15":"tag-portugal","16":"tag-pt","17":"tag-singapura","18":"tag-tapete-vermelho"},"share_on_mastodon":{"url":"https:\/\/pubeurope.com\/@pt\/115605130671453872","error":""},"_links":{"self":[{"href":"https:\/\/www.europesays.com\/pt\/wp-json\/wp\/v2\/posts\/163442","targetHints":{"allow":["GET"]}}],"collection":[{"href":"https:\/\/www.europesays.com\/pt\/wp-json\/wp\/v2\/posts"}],"about":[{"href":"https:\/\/www.europesays.com\/pt\/wp-json\/wp\/v2\/types\/post"}],"author":[{"embeddable":true,"href":"https:\/\/www.europesays.com\/pt\/wp-json\/wp\/v2\/users\/2"}],"replies":[{"embeddable":true,"href":"https:\/\/www.europesays.com\/pt\/wp-json\/wp\/v2\/comments?post=163442"}],"version-history":[{"count":0,"href":"https:\/\/www.europesays.com\/pt\/wp-json\/wp\/v2\/posts\/163442\/revisions"}],"wp:featuredmedia":[{"embeddable":true,"href":"https:\/\/www.europesays.com\/pt\/wp-json\/wp\/v2\/media\/152993"}],"wp:attachment":[{"href":"https:\/\/www.europesays.com\/pt\/wp-json\/wp\/v2\/media?parent=163442"}],"wp:term":[{"taxonomy":"category","embeddable":true,"href":"https:\/\/www.europesays.com\/pt\/wp-json\/wp\/v2\/categories?post=163442"},{"taxonomy":"post_tag","embeddable":true,"href":"https:\/\/www.europesays.com\/pt\/wp-json\/wp\/v2\/tags?post=163442"}],"curies":[{"name":"wp","href":"https:\/\/api.w.org\/{rel}","templated":true}]}}